{"id":21681,"date":"2021-06-18T10:37:15","date_gmt":"2021-06-18T10:37:15","guid":{"rendered":"https:\/\/blogdorogeriogomes.com.br\/?p=21681"},"modified":"2021-06-20T09:51:23","modified_gmt":"2021-06-20T09:51:23","slug":"mais-de-400-cidades-no-brasil-e-exterior-agendam-protestos-contra-o-governo-bolsonaro-neste-sabado","status":"publish","type":"post","link":"https:\/\/blogdorogeriogomes.com.br\/noticias\/2021\/06\/mais-de-400-cidades-no-brasil-e-exterior-agendam-protestos-contra-o-governo-bolsonaro-neste-sabado\/","title":{"rendered":"Mais de 400 cidades no Brasil e Exterior agendam protestos contra o Governo Bolsonaro neste s\u00e1bado"},"content":{"rendered":"\n<p>O Governo Bolsonaro ser\u00e1 alvo de mais uma rodada de protestos neste s\u00e1bado, dia 19 de junho. Mais de 400 cidades do Brasil e no Exterior agendam manifesta\u00e7\u00f5es que tem como tema: \u201cFora Bolsonaro: vacina no bra\u00e7o, comida no prato\u201d. O \u00faltimo protesto contra Jair Bolsonaro foi no dia 29 de maio. Em Fortaleza, h\u00e1 manifesta\u00e7\u00f5es programadas para este s\u00e1bado, no momento em que o Pa\u00eds se aproxima de 500 mil mortes por Covid-19.<\/p>\n\n\n\n<p>Os movimentos contra o Governo Bolsonaro reivindicam mais rapidez na vacina\u00e7\u00e3o contra a Covid-19, aumento do valor do aux\u00edlio emergencial para R$ 600 reais e outras medidas de enfrentamento \u00e0 pandemia e seus efeitos na popula\u00e7\u00e3o vulner\u00e1vel. <\/p>\n\n\n\n<p>Para participar dos protestos, os organizadores cobram uso de m\u00e1scara e \u00e1lcool em gel, al\u00e9m de distanciamento. <\/p>\n\n\n\n<figure class=\"wp-block-image size-large\"><img loading=\"lazy\" decoding=\"async\" width=\"640\" height=\"480\" src=\"https:\/\/blogdorogeriogomes.com.br\/wp-content\/uploads\/2021\/06\/images-54.jpeg\" alt=\"\" class=\"wp-image-21682\" srcset=\"https:\/\/blogdorogeriogomes.com.br\/noticias\/wp-content\/uploads\/2021\/06\/images-54.jpeg 640w, https:\/\/blogdorogeriogomes.com.br\/noticias\/wp-content\/uploads\/2021\/06\/images-54-300x225.jpeg 300w, https:\/\/blogdorogeriogomes.com.br\/noticias\/wp-content\/uploads\/2021\/06\/images-54-400x300.jpeg 400w\" sizes=\"auto, (max-width: 640px) 100vw, 640px\" \/><\/figure>\n","protected":false},"excerpt":{"rendered":"<p>O Governo Bolsonaro ser\u00e1 alvo de mais uma rodada de protestos neste s\u00e1bado, dia 19 de junho. Mais de 400 cidades do Brasil e no Exterior agendam manifesta\u00e7\u00f5es que tem como tema: \u201cFora Bolsonaro: vacina no bra\u00e7o, comida no prato\u201d. O \u00faltimo protesto contra Jair Bolsonaro foi no dia 29 de maio. Em Fortaleza, h\u00e1 manifesta\u00e7\u00f5es programadas para este s\u00e1bado, no momento em que o Pa\u00eds se aproxima de 500 mil mortes por Covid-19. Os movimentos contra o Governo&hellip;<\/p>\n","protected":false},"author":1,"featured_media":21682,"comment_status":"open","ping_status":"closed","sticky":false,"template":"","format":"standard","meta":{"footnotes":""},"categories":[1],"tags":[],"class_list":["post-21681","post","type-post","status-publish","format-standard","has-post-thumbnail","hentry","category-noticias"],"_links":{"self":[{"href":"https:\/\/blogdorogeriogomes.com.br\/noticias\/wp-json\/wp\/v2\/posts\/21681","targetHints":{"allow":["GET"]}}],"collection":[{"href":"https:\/\/blogdorogeriogomes.com.br\/noticias\/wp-json\/wp\/v2\/posts"}],"about":[{"href":"https:\/\/blogdorogeriogomes.com.br\/noticias\/wp-json\/wp\/v2\/types\/post"}],"author":[{"embeddable":true,"href":"https:\/\/blogdorogeriogomes.com.br\/noticias\/wp-json\/wp\/v2\/users\/1"}],"replies":[{"embeddable":true,"href":"https:\/\/blogdorogeriogomes.com.br\/noticias\/wp-json\/wp\/v2\/comments?post=21681"}],"version-history":[{"count":1,"href":"https:\/\/blogdorogeriogomes.com.br\/noticias\/wp-json\/wp\/v2\/posts\/21681\/revisions"}],"predecessor-version":[{"id":21683,"href":"https:\/\/blogdorogeriogomes.com.br\/noticias\/wp-json\/wp\/v2\/posts\/21681\/revisions\/21683"}],"wp:featuredmedia":[{"embeddable":true,"href":"https:\/\/blogdorogeriogomes.com.br\/noticias\/wp-json\/wp\/v2\/media\/21682"}],"wp:attachment":[{"href":"https:\/\/blogdorogeriogomes.com.br\/noticias\/wp-json\/wp\/v2\/media?parent=21681"}],"wp:term":[{"taxonomy":"category","embeddable":true,"href":"https:\/\/blogdorogeriogomes.com.br\/noticias\/wp-json\/wp\/v2\/categories?post=21681"},{"taxonomy":"post_tag","embeddable":true,"href":"https:\/\/blogdorogeriogomes.com.br\/noticias\/wp-json\/wp\/v2\/tags?post=21681"}],"curies":[{"name":"wp","href":"https:\/\/api.w.org\/{rel}","templated":true}]}}