{"id":21684,"date":"2021-06-18T18:51:41","date_gmt":"2021-06-18T18:51:41","guid":{"rendered":"https:\/\/blogdorogeriogomes.com.br\/?p=21684"},"modified":"2021-06-20T09:50:45","modified_gmt":"2021-06-20T09:50:45","slug":"cpi-da-covid-anuncia-lista-de-investigados-com-mayra-pinheiro-pazuello-e-queiroga-requerimentos-serao-votados-na-proxima-terca-feira","status":"publish","type":"post","link":"https:\/\/blogdorogeriogomes.com.br\/noticias\/2021\/06\/cpi-da-covid-anuncia-lista-de-investigados-com-mayra-pinheiro-pazuello-e-queiroga-requerimentos-serao-votados-na-proxima-terca-feira\/","title":{"rendered":"CPI da Covid anuncia lista de investigados com Mayra Pinheiro, Pazuello e Queiroga. Requerimentos ser\u00e3o votados na pr\u00f3xima ter\u00e7a-feira"},"content":{"rendered":"\n<p>A CPI da Covid divulgou, em sess\u00e3o desta sexta-feira, dia 18 de junho, a lista de 14 relacionados como testemunhas da comiss\u00e3o que devem ser investigados por a\u00e7\u00f5es e omiss\u00f5es do Governo Federal na gest\u00e3o de crise da pandemia no Pa\u00eds. Os nomes foram apresentados pelo relator dos trabalhos, senador Renan Calheiros (MDB), e dentre eles est\u00e3o nomes como o da m\u00e9dica cearense e secret\u00e1ria do Minist\u00e9rio da Sa\u00fade, Mayra Pinheiro, do atual ministro da Sa\u00fade, Marcelo Queiroga, e do ex-ministro da Sa\u00fade, Eduardo Pazuello.<\/p>\n\n\n\n<p>Com a reclassifica\u00e7\u00e3o de testemunhas para investigados, os relacionados na lista precisam agora preparar sua defesa e ter\u00e3o de responder diante de todas as informa\u00e7\u00f5es, documentos e provas reunidas pela CPI. Aqueles que j\u00e1 prestaram depoimento n\u00e3o ter\u00e3o comprometidas a an\u00e1lise do conte\u00fado de suas declara\u00e7\u00f5es.<\/p>\n\n\n\n<p>Figuram ainda no escopo o empres\u00e1rio e suposto integrante do gabinete paralelo, Carlos Wizard, a m\u00e9dica Nise Yamaguchi, o ex-ministro das Rela\u00e7\u00f5es Exteriores, Ernesto Ara\u00fajo, o ex-secret\u00e1rio e bra\u00e7o direito de Pazuello, Elcio Franco Filho, o ex-assessor da Presid\u00eancia, Arthur Weintraub, al\u00e9m de servidores atuais na gest\u00e3o do presidente Jair Bolsonaro.<\/p>\n\n\n\n<p>A CPI transferiu para a pr\u00f3xima ter\u00e7a-feira, dia 22, a vota\u00e7\u00e3o de requerimentos, que envolvem a convoca\u00e7\u00e3o para novos depoimentos, quebras de sigilo e tamb\u00e9m requisi\u00e7\u00e3o de informa\u00e7\u00f5es oficiais.<\/p>\n\n\n\n<p>Nesta sexta-feira, a comiss\u00e3o recebeu os m\u00e9dicos Ricardo Ariel Zimerman e Francisco Cardoso Alves, defensores do tratamento precoce com uso de cloroquina e outros medicamentos sem efic\u00e1cia comprovada contra o coronav\u00edrus. Revoltados com o negacionismo dos depoentes, os senadores Renan Calheiros, Humberto Costa (PT) e Randolfe Rodrigues (Rede) decidiram por deixar o plen\u00e1rio.<\/p>\n\n\n\n<p>&#8220;Eu sinceramente, em fun\u00e7\u00e3o desse esc\u00e1rnio, desse descaso, me recuso a fazer qualquer pergunta aos expoentes. N\u00e3o d\u00e1 para continuarmos nessa situa\u00e7\u00e3o&#8221;, falou Calheiros, que tamb\u00e9m criticou o as mais recente fala de Bolsonaro, afirmando que a contamina\u00e7\u00e3o \u00e9 mais eficaz do que a vacina contra a Covid.<\/p>\n\n\n\n<figure class=\"wp-block-image size-large\"><img loading=\"lazy\" decoding=\"async\" width=\"800\" height=\"384\" src=\"https:\/\/blogdorogeriogomes.com.br\/wp-content\/uploads\/2021\/06\/images-55.jpeg\" alt=\"\" class=\"wp-image-21685\" srcset=\"https:\/\/blogdorogeriogomes.com.br\/noticias\/wp-content\/uploads\/2021\/06\/images-55.jpeg 800w, https:\/\/blogdorogeriogomes.com.br\/noticias\/wp-content\/uploads\/2021\/06\/images-55-300x144.jpeg 300w, https:\/\/blogdorogeriogomes.com.br\/noticias\/wp-content\/uploads\/2021\/06\/images-55-768x369.jpeg 768w\" sizes=\"auto, (max-width: 800px) 100vw, 800px\" \/><\/figure>\n","protected":false},"excerpt":{"rendered":"<p>A CPI da Covid divulgou, em sess\u00e3o desta sexta-feira, dia 18 de junho, a lista de 14 relacionados como testemunhas da comiss\u00e3o que devem ser investigados por a\u00e7\u00f5es e omiss\u00f5es do Governo Federal na gest\u00e3o de crise da pandemia no Pa\u00eds. Os nomes foram apresentados pelo relator dos trabalhos, senador Renan Calheiros (MDB), e dentre eles est\u00e3o nomes como o da m\u00e9dica cearense e secret\u00e1ria do Minist\u00e9rio da Sa\u00fade, Mayra Pinheiro, do atual ministro da Sa\u00fade, Marcelo Queiroga, e&hellip;<\/p>\n","protected":false},"author":1,"featured_media":21685,"comment_status":"open","ping_status":"open","sticky":false,"template":"","format":"standard","meta":{"footnotes":""},"categories":[1],"tags":[],"class_list":["post-21684","post","type-post","status-publish","format-standard","has-post-thumbnail","hentry","category-noticias"],"_links":{"self":[{"href":"https:\/\/blogdorogeriogomes.com.br\/noticias\/wp-json\/wp\/v2\/posts\/21684","targetHints":{"allow":["GET"]}}],"collection":[{"href":"https:\/\/blogdorogeriogomes.com.br\/noticias\/wp-json\/wp\/v2\/posts"}],"about":[{"href":"https:\/\/blogdorogeriogomes.com.br\/noticias\/wp-json\/wp\/v2\/types\/post"}],"author":[{"embeddable":true,"href":"https:\/\/blogdorogeriogomes.com.br\/noticias\/wp-json\/wp\/v2\/users\/1"}],"replies":[{"embeddable":true,"href":"https:\/\/blogdorogeriogomes.com.br\/noticias\/wp-json\/wp\/v2\/comments?post=21684"}],"version-history":[{"count":1,"href":"https:\/\/blogdorogeriogomes.com.br\/noticias\/wp-json\/wp\/v2\/posts\/21684\/revisions"}],"predecessor-version":[{"id":21686,"href":"https:\/\/blogdorogeriogomes.com.br\/noticias\/wp-json\/wp\/v2\/posts\/21684\/revisions\/21686"}],"wp:featuredmedia":[{"embeddable":true,"href":"https:\/\/blogdorogeriogomes.com.br\/noticias\/wp-json\/wp\/v2\/media\/21685"}],"wp:attachment":[{"href":"https:\/\/blogdorogeriogomes.com.br\/noticias\/wp-json\/wp\/v2\/media?parent=21684"}],"wp:term":[{"taxonomy":"category","embeddable":true,"href":"https:\/\/blogdorogeriogomes.com.br\/noticias\/wp-json\/wp\/v2\/categories?post=21684"},{"taxonomy":"post_tag","embeddable":true,"href":"https:\/\/blogdorogeriogomes.com.br\/noticias\/wp-json\/wp\/v2\/tags?post=21684"}],"curies":[{"name":"wp","href":"https:\/\/api.w.org\/{rel}","templated":true}]}}