{"id":21687,"date":"2021-06-18T22:45:41","date_gmt":"2021-06-18T22:45:41","guid":{"rendered":"https:\/\/blogdorogeriogomes.com.br\/?p=21687"},"modified":"2021-06-20T09:50:20","modified_gmt":"2021-06-20T09:50:20","slug":"ceara-comeca-a-cadastrar-jovens-de-12-a-17-anos-para-vacinacao-contra-a-covid-19","status":"publish","type":"post","link":"https:\/\/blogdorogeriogomes.com.br\/noticias\/2021\/06\/ceara-comeca-a-cadastrar-jovens-de-12-a-17-anos-para-vacinacao-contra-a-covid-19\/","title":{"rendered":"Cear\u00e1 come\u00e7a a cadastrar jovens de 12 a 17 anos para vacina\u00e7\u00e3o contra a Covid-19"},"content":{"rendered":"\n<p>A Secretaria da Sa\u00fade do Cear\u00e1 (Sesa) liberou o cadastro de pessoas entre 12 e 17 anos para vacina\u00e7\u00e3o contra a Covid-19 na plataforma Sa\u00fade Digital. Por\u00e9m, ainda n\u00e3o existe previs\u00e3o para come\u00e7ar a vacina\u00e7\u00e3o neste p\u00fablico.<br>At\u00e9 o momento, o \u00fanico imunizante liberado pela Ag\u00eancia Nacional de Vigil\u00e2ncia Sanit\u00e1ria (Anvisa) para ser aplicado em adolescentes \u00e9 o da Pfizer\/BioNTech.<br>H\u00e1 quase duas semanas, 151 munic\u00edpios j\u00e1 come\u00e7aram a vacinar a popula\u00e7\u00e3o geral. Isto significa que 82% dos 184 munic\u00edpios cearenses est\u00e3o imunizando pessoas que n\u00e3o s\u00e3o de grupos priorit\u00e1rios.<br>O Cear\u00e1 soma 1.088.560 pessoas imunizadas com as duas doses da vacina. Foram aplicadas 3,5 milh\u00f5es de doses no estado, no total. J\u00e1 Fortaleza tem 1.176.400 doses aplicadas.<\/p>\n\n\n\n<figure class=\"wp-block-image size-large\"><img loading=\"lazy\" decoding=\"async\" width=\"680\" height=\"451\" src=\"https:\/\/blogdorogeriogomes.com.br\/wp-content\/uploads\/2021\/06\/IMG-20210618-WA0164.jpg\" alt=\"\" class=\"wp-image-21688\" srcset=\"https:\/\/blogdorogeriogomes.com.br\/noticias\/wp-content\/uploads\/2021\/06\/IMG-20210618-WA0164.jpg 680w, https:\/\/blogdorogeriogomes.com.br\/noticias\/wp-content\/uploads\/2021\/06\/IMG-20210618-WA0164-300x199.jpg 300w\" sizes=\"auto, (max-width: 680px) 100vw, 680px\" \/><\/figure>\n","protected":false},"excerpt":{"rendered":"<p>A Secretaria da Sa\u00fade do Cear\u00e1 (Sesa) liberou o cadastro de pessoas entre 12 e 17 anos para vacina\u00e7\u00e3o contra a Covid-19 na plataforma Sa\u00fade Digital. Por\u00e9m, ainda n\u00e3o existe previs\u00e3o para come\u00e7ar a vacina\u00e7\u00e3o neste p\u00fablico.At\u00e9 o momento, o \u00fanico imunizante liberado pela Ag\u00eancia Nacional de Vigil\u00e2ncia Sanit\u00e1ria (Anvisa) para ser aplicado em adolescentes \u00e9 o da Pfizer\/BioNTech.H\u00e1 quase duas semanas, 151 munic\u00edpios j\u00e1 come\u00e7aram a vacinar a popula\u00e7\u00e3o geral. Isto significa que 82% dos 184 munic\u00edpios cearenses&hellip;<\/p>\n","protected":false},"author":1,"featured_media":21688,"comment_status":"open","ping_status":"open","sticky":false,"template":"","format":"standard","meta":{"footnotes":""},"categories":[1],"tags":[],"class_list":["post-21687","post","type-post","status-publish","format-standard","has-post-thumbnail","hentry","category-noticias"],"_links":{"self":[{"href":"https:\/\/blogdorogeriogomes.com.br\/noticias\/wp-json\/wp\/v2\/posts\/21687","targetHints":{"allow":["GET"]}}],"collection":[{"href":"https:\/\/blogdorogeriogomes.com.br\/noticias\/wp-json\/wp\/v2\/posts"}],"about":[{"href":"https:\/\/blogdorogeriogomes.com.br\/noticias\/wp-json\/wp\/v2\/types\/post"}],"author":[{"embeddable":true,"href":"https:\/\/blogdorogeriogomes.com.br\/noticias\/wp-json\/wp\/v2\/users\/1"}],"replies":[{"embeddable":true,"href":"https:\/\/blogdorogeriogomes.com.br\/noticias\/wp-json\/wp\/v2\/comments?post=21687"}],"version-history":[{"count":1,"href":"https:\/\/blogdorogeriogomes.com.br\/noticias\/wp-json\/wp\/v2\/posts\/21687\/revisions"}],"predecessor-version":[{"id":21689,"href":"https:\/\/blogdorogeriogomes.com.br\/noticias\/wp-json\/wp\/v2\/posts\/21687\/revisions\/21689"}],"wp:featuredmedia":[{"embeddable":true,"href":"https:\/\/blogdorogeriogomes.com.br\/noticias\/wp-json\/wp\/v2\/media\/21688"}],"wp:attachment":[{"href":"https:\/\/blogdorogeriogomes.com.br\/noticias\/wp-json\/wp\/v2\/media?parent=21687"}],"wp:term":[{"taxonomy":"category","embeddable":true,"href":"https:\/\/blogdorogeriogomes.com.br\/noticias\/wp-json\/wp\/v2\/categories?post=21687"},{"taxonomy":"post_tag","embeddable":true,"href":"https:\/\/blogdorogeriogomes.com.br\/noticias\/wp-json\/wp\/v2\/tags?post=21687"}],"curies":[{"name":"wp","href":"https:\/\/api.w.org\/{rel}","templated":true}]}}