{"id":21690,"date":"2021-06-18T23:39:40","date_gmt":"2021-06-18T23:39:40","guid":{"rendered":"https:\/\/blogdorogeriogomes.com.br\/?p=21690"},"modified":"2021-06-20T09:49:57","modified_gmt":"2021-06-20T09:49:57","slug":"por-precaucao-camilo-santana-nao-avanca-na-reabertura-economica-e-renova-o-decreto-estadual-sem-alteracoes","status":"publish","type":"post","link":"https:\/\/blogdorogeriogomes.com.br\/noticias\/2021\/06\/por-precaucao-camilo-santana-nao-avanca-na-reabertura-economica-e-renova-o-decreto-estadual-sem-alteracoes\/","title":{"rendered":"Por precau\u00e7\u00e3o, Camilo Santana n\u00e3o avan\u00e7a na reabertura econ\u00f4mica e renova o decreto estadual sem altera\u00e7\u00f5es"},"content":{"rendered":"\n<p>O governador Camilo Santana (PT) renovou, na noite desta sexta-feira, dia 18 de junho, o decreto de isolamento social decorrente da pandemia do coronav\u00edrus. Em transmiss\u00e3o ao vivo por suas redes sociais, Camilo afirmou que, por precau\u00e7\u00e3o e prud\u00eancia, o Comit\u00ea Estadual de Enfrentamento \u00e0 Pandemia no Cear\u00e1 decidiu pela renova\u00e7\u00e3o sem avan\u00e7os na reabertura econ\u00f4mica para a pr\u00f3xima semana. Assim, a partir da pr\u00f3xima segunda-feira, dia 21, nada de novo ser\u00e1 inclu\u00eddo nos protocolos dos munic\u00edpios cearenses.<\/p>\n\n\n\n<p>Os atendimentos na rede de sa\u00fade, com queda de ocupa\u00e7\u00e3o dos leitos, e o n\u00famero de \u00f3bitos seguem em queda na maior parte das regi\u00f5es. O governador ressaltou tamb\u00e9m que a transmiss\u00e3o da Covid-19 se encontra est\u00e1vel no cotidiano da popula\u00e7\u00e3o cearense. Mas h\u00e1 uma preocupa\u00e7\u00e3o do Governo do Cear\u00e1 com o crescimento de casos em outros estados, al\u00e9m da situa\u00e7\u00e3o preocupante na regi\u00e3o do Cariri, que segue em alerta.<\/p>\n\n\n\n<p>Presente na live, o secret\u00e1rio da Sa\u00fade do Cear\u00e1, Dr. Cabeto, informou que h\u00e1 uma taxa de positividade de exames no Estado de 17%, numa constante queda da transmiss\u00e3o do v\u00edrus. No entanto, apenas no Cariri, o \u00edndice chega a 53%.<\/p>\n\n\n\n<p>Camilo atentou ainda para o m\u00eas de junho e as festas juninas, demonstrando preocupa\u00e7\u00e3o com poss\u00edveis aglomera\u00e7\u00f5es em festejos juninos neste per\u00edodo. &#8220;Teremos v\u00e1rios outras festas juninas. Quem n\u00e3o gosta de festa junina? Mas vamos deixar isso para o pr\u00f3ximo ano em um momento em que a gente possa superar a pandemia&#8221;, alertou.<\/p>\n\n\n\n<p>O \u00faltimo decreto aprovado com altera\u00e7\u00f5es liberou aulas presenciais para o ensino m\u00e9dio, autorizou a reabertura de museus, cinemas e bibliotecas, ampliou a capacidade de p\u00fablico nas academias e templos religiosos, al\u00e9m da permiss\u00e3o de atividades ao ar livre em espa\u00e7os p\u00fablicos. O funcionamento de shoppings e restaurantes segue liberado at\u00e9 22 horas e o toque de recolher ocorre das 23 horas \u00e0s 5 horas.<\/p>\n\n\n\n<figure class=\"wp-block-image size-large\"><img loading=\"lazy\" decoding=\"async\" width=\"678\" height=\"452\" src=\"https:\/\/blogdorogeriogomes.com.br\/wp-content\/uploads\/2021\/06\/images-57.jpeg\" alt=\"\" class=\"wp-image-21691\" srcset=\"https:\/\/blogdorogeriogomes.com.br\/noticias\/wp-content\/uploads\/2021\/06\/images-57.jpeg 678w, https:\/\/blogdorogeriogomes.com.br\/noticias\/wp-content\/uploads\/2021\/06\/images-57-300x200.jpeg 300w\" sizes=\"auto, (max-width: 678px) 100vw, 678px\" \/><\/figure>\n","protected":false},"excerpt":{"rendered":"<p>O governador Camilo Santana (PT) renovou, na noite desta sexta-feira, dia 18 de junho, o decreto de isolamento social decorrente da pandemia do coronav\u00edrus. Em transmiss\u00e3o ao vivo por suas redes sociais, Camilo afirmou que, por precau\u00e7\u00e3o e prud\u00eancia, o Comit\u00ea Estadual de Enfrentamento \u00e0 Pandemia no Cear\u00e1 decidiu pela renova\u00e7\u00e3o sem avan\u00e7os na reabertura econ\u00f4mica para a pr\u00f3xima semana. Assim, a partir da pr\u00f3xima segunda-feira, dia 21, nada de novo ser\u00e1 inclu\u00eddo nos protocolos dos munic\u00edpios cearenses. Os&hellip;<\/p>\n","protected":false},"author":1,"featured_media":21691,"comment_status":"open","ping_status":"open","sticky":false,"template":"","format":"standard","meta":{"footnotes":""},"categories":[1],"tags":[],"class_list":["post-21690","post","type-post","status-publish","format-standard","has-post-thumbnail","hentry","category-noticias"],"_links":{"self":[{"href":"https:\/\/blogdorogeriogomes.com.br\/noticias\/wp-json\/wp\/v2\/posts\/21690","targetHints":{"allow":["GET"]}}],"collection":[{"href":"https:\/\/blogdorogeriogomes.com.br\/noticias\/wp-json\/wp\/v2\/posts"}],"about":[{"href":"https:\/\/blogdorogeriogomes.com.br\/noticias\/wp-json\/wp\/v2\/types\/post"}],"author":[{"embeddable":true,"href":"https:\/\/blogdorogeriogomes.com.br\/noticias\/wp-json\/wp\/v2\/users\/1"}],"replies":[{"embeddable":true,"href":"https:\/\/blogdorogeriogomes.com.br\/noticias\/wp-json\/wp\/v2\/comments?post=21690"}],"version-history":[{"count":1,"href":"https:\/\/blogdorogeriogomes.com.br\/noticias\/wp-json\/wp\/v2\/posts\/21690\/revisions"}],"predecessor-version":[{"id":21692,"href":"https:\/\/blogdorogeriogomes.com.br\/noticias\/wp-json\/wp\/v2\/posts\/21690\/revisions\/21692"}],"wp:featuredmedia":[{"embeddable":true,"href":"https:\/\/blogdorogeriogomes.com.br\/noticias\/wp-json\/wp\/v2\/media\/21691"}],"wp:attachment":[{"href":"https:\/\/blogdorogeriogomes.com.br\/noticias\/wp-json\/wp\/v2\/media?parent=21690"}],"wp:term":[{"taxonomy":"category","embeddable":true,"href":"https:\/\/blogdorogeriogomes.com.br\/noticias\/wp-json\/wp\/v2\/categories?post=21690"},{"taxonomy":"post_tag","embeddable":true,"href":"https:\/\/blogdorogeriogomes.com.br\/noticias\/wp-json\/wp\/v2\/tags?post=21690"}],"curies":[{"name":"wp","href":"https:\/\/api.w.org\/{rel}","templated":true}]}}