{"id":21693,"date":"2021-06-19T10:04:14","date_gmt":"2021-06-19T10:04:14","guid":{"rendered":"https:\/\/blogdorogeriogomes.com.br\/?p=21693"},"modified":"2021-06-20T09:49:35","modified_gmt":"2021-06-20T09:49:35","slug":"psb-recebe-filiacoes-de-flavio-dino-e-marcelo-freixo-partido-se-aproxima-de-alianca-com-lula","status":"publish","type":"post","link":"https:\/\/blogdorogeriogomes.com.br\/noticias\/2021\/06\/psb-recebe-filiacoes-de-flavio-dino-e-marcelo-freixo-partido-se-aproxima-de-alianca-com-lula\/","title":{"rendered":"PSB recebe filia\u00e7\u00f5es de Fl\u00e1vio Dino e Marcelo Freixo. Partido se aproxima de alian\u00e7a com Lula"},"content":{"rendered":"\n<p>O PSB est\u00e1 cada vez mais pr\u00f3ximo de fechar uma alian\u00e7a com o ex-presidente Lula para as elei\u00e7\u00f5es presidenciais de 2022. Na pr\u00f3xima ter\u00e7a-feira, dia 22 de junho, o deputado federal Marcelo Freixo (ex-PSOL), que \u00e9 pr\u00e9-candidato a governador do Rio de Janeiro (aparece na foto com Lula), e o governador do Maranh\u00e3o, Fl\u00e1vio Dino (ex-PCdoB) assinam a filia\u00e7\u00e3o ao PSB. Ambos, defendem Lula e v\u00e3o lutar por uma alian\u00e7a do partido com o PT em 2022.<\/p>\n\n\n\n<p>O PSB \u00e9 cortejado pelo PDT de Ciro Gomes, que pode mais uma vez ser deixado de lado. Nas elei\u00e7\u00f5es municipais, o PSB esteve ao lado do PDT em v\u00e1rias capitais. Mas a chegada de novos filiados importantes e a volta de elegibilidade do ex-presidente Lula, que j\u00e1 viaja o Brasil fazendo articula\u00e7\u00f5es pol\u00edticas, pode trazer o PSB para uma frente de esquerda e centro-esquerda para 2022.<\/p>\n\n\n\n<figure class=\"wp-block-image size-large\"><img loading=\"lazy\" decoding=\"async\" width=\"1024\" height=\"628\" src=\"https:\/\/blogdorogeriogomes.com.br\/wp-content\/uploads\/2021\/06\/Freixo-Lula-1024x628.jpg\" alt=\"\" class=\"wp-image-21694\" srcset=\"https:\/\/blogdorogeriogomes.com.br\/noticias\/wp-content\/uploads\/2021\/06\/Freixo-Lula-1024x628.jpg 1024w, https:\/\/blogdorogeriogomes.com.br\/noticias\/wp-content\/uploads\/2021\/06\/Freixo-Lula-300x184.jpg 300w, https:\/\/blogdorogeriogomes.com.br\/noticias\/wp-content\/uploads\/2021\/06\/Freixo-Lula-768x471.jpg 768w, https:\/\/blogdorogeriogomes.com.br\/noticias\/wp-content\/uploads\/2021\/06\/Freixo-Lula-800x490.jpg 800w, https:\/\/blogdorogeriogomes.com.br\/noticias\/wp-content\/uploads\/2021\/06\/Freixo-Lula.jpg 1036w\" sizes=\"auto, (max-width: 1024px) 100vw, 1024px\" \/><\/figure>\n","protected":false},"excerpt":{"rendered":"<p>O PSB est\u00e1 cada vez mais pr\u00f3ximo de fechar uma alian\u00e7a com o ex-presidente Lula para as elei\u00e7\u00f5es presidenciais de 2022. Na pr\u00f3xima ter\u00e7a-feira, dia 22 de junho, o deputado federal Marcelo Freixo (ex-PSOL), que \u00e9 pr\u00e9-candidato a governador do Rio de Janeiro (aparece na foto com Lula), e o governador do Maranh\u00e3o, Fl\u00e1vio Dino (ex-PCdoB) assinam a filia\u00e7\u00e3o ao PSB. Ambos, defendem Lula e v\u00e3o lutar por uma alian\u00e7a do partido com o PT em 2022. O PSB&hellip;<\/p>\n","protected":false},"author":1,"featured_media":21694,"comment_status":"open","ping_status":"open","sticky":false,"template":"","format":"standard","meta":{"footnotes":""},"categories":[1],"tags":[],"class_list":["post-21693","post","type-post","status-publish","format-standard","has-post-thumbnail","hentry","category-noticias"],"_links":{"self":[{"href":"https:\/\/blogdorogeriogomes.com.br\/noticias\/wp-json\/wp\/v2\/posts\/21693","targetHints":{"allow":["GET"]}}],"collection":[{"href":"https:\/\/blogdorogeriogomes.com.br\/noticias\/wp-json\/wp\/v2\/posts"}],"about":[{"href":"https:\/\/blogdorogeriogomes.com.br\/noticias\/wp-json\/wp\/v2\/types\/post"}],"author":[{"embeddable":true,"href":"https:\/\/blogdorogeriogomes.com.br\/noticias\/wp-json\/wp\/v2\/users\/1"}],"replies":[{"embeddable":true,"href":"https:\/\/blogdorogeriogomes.com.br\/noticias\/wp-json\/wp\/v2\/comments?post=21693"}],"version-history":[{"count":1,"href":"https:\/\/blogdorogeriogomes.com.br\/noticias\/wp-json\/wp\/v2\/posts\/21693\/revisions"}],"predecessor-version":[{"id":21695,"href":"https:\/\/blogdorogeriogomes.com.br\/noticias\/wp-json\/wp\/v2\/posts\/21693\/revisions\/21695"}],"wp:featuredmedia":[{"embeddable":true,"href":"https:\/\/blogdorogeriogomes.com.br\/noticias\/wp-json\/wp\/v2\/media\/21694"}],"wp:attachment":[{"href":"https:\/\/blogdorogeriogomes.com.br\/noticias\/wp-json\/wp\/v2\/media?parent=21693"}],"wp:term":[{"taxonomy":"category","embeddable":true,"href":"https:\/\/blogdorogeriogomes.com.br\/noticias\/wp-json\/wp\/v2\/categories?post=21693"},{"taxonomy":"post_tag","embeddable":true,"href":"https:\/\/blogdorogeriogomes.com.br\/noticias\/wp-json\/wp\/v2\/tags?post=21693"}],"curies":[{"name":"wp","href":"https:\/\/api.w.org\/{rel}","templated":true}]}}