{"id":21697,"date":"2021-06-20T13:31:54","date_gmt":"2021-06-20T13:31:54","guid":{"rendered":"https:\/\/blogdorogeriogomes.com.br\/?p=21697"},"modified":"2021-06-20T23:36:23","modified_gmt":"2021-06-20T23:36:23","slug":"no-dia-que-o-brasil-completou-500-mil-mortes-por-covid-19-milhares-de-pessoas-foram-as-ruas-cobrar-um-fora-bolsonaro","status":"publish","type":"post","link":"https:\/\/blogdorogeriogomes.com.br\/noticias\/2021\/06\/no-dia-que-o-brasil-completou-500-mil-mortes-por-covid-19-milhares-de-pessoas-foram-as-ruas-cobrar-um-fora-bolsonaro\/","title":{"rendered":"No dia que o Brasil completou 500 mil mortes por Covid-19, milhares de pessoas foram \u00e0s ruas cobrar um &#8220;Fora Bolsonaro&#8221;"},"content":{"rendered":"\n<p>O Brasil atingiu, neste s\u00e1bado, dia 19 de junho, a triste marca de 500 mil mortos pela Covid-19. Milhares de pessoas insatisfeitas com o enfrentamento da pandemia pelo Governo Bolsonaro voltaram a ocupar as ruas de todo o Pa\u00eds para cobrar um &#8220;Fora Bolsonaro&#8221;. Houve manifesta\u00e7\u00f5es em todos os 26 estados e no Distrito Federal. Na pauta dos protestos, o pedido por mais vacina, a sa\u00edda do presidente Jair Bolsonaro, aux\u00edlio emergencial de R$ 600 reais, erradica\u00e7\u00e3o da fome e da pobreza, e prote\u00e7\u00e3o ao meio ambiente e aos direitos dos ind\u00edgenas.<\/p>\n\n\n\n<p>A avenida Paulista, em S\u00e3o Paulo, teve mais uma vez a maior concentra\u00e7\u00e3o de pessoas. O detalhe, segundo os organizadores, foi a ades\u00e3o de at\u00e9 ex-eleitores de Bolsonaro, que se mostram hoje arrependidos de t\u00ea-lo eleito para o Planalto em 2018.<\/p>\n\n\n\n<p>As manifesta\u00e7\u00f5es pelo Pa\u00eds come\u00e7am a dar o tempero para as elei\u00e7\u00f5es de 2022. Por\u00e9m, a maior preocupa\u00e7\u00e3o no momento gira em torno da ainda gravidade da pandemia e o insistente negacionismo de Bolsonaro, que continua a desrespeitar as recomenda\u00e7\u00f5es do distanciamento social, boicota o uso das vacinas contra a Covid-19 e se limita a defender um tratamento precoce para a doen\u00e7a, que j\u00e1 est\u00e1 comprovado cientificamente que n\u00e3o existe. <\/p>\n\n\n\n<p>O clima eleitoral tende a esquentar ainda mais, enquanto a oposi\u00e7\u00e3o elabora um superpedido de impeachment que dever\u00e1 apontar mais de 20 tipos de crime de responsabilidade de Bolsonaro na pandemia. Na C\u00e2mara Federal j\u00e1 h\u00e1 pelo menos 121 pedidos na mesa do presidente Arthur Lira. A press\u00e3o popular aumenta e ainda tem muito fato pol\u00edtico pra acontecer at\u00e9 \u00e0s elei\u00e7\u00f5es de 2022.<\/p>\n\n\n\n<figure class=\"wp-block-image size-large\"><img loading=\"lazy\" decoding=\"async\" width=\"1024\" height=\"492\" src=\"https:\/\/blogdorogeriogomes.com.br\/wp-content\/uploads\/2021\/06\/20210619200624_745da5cb19993b6f4212e9dccbc1e4a703f8499a720dd238ba86dde5e24bc256-1024x492.jpg\" alt=\"\" class=\"wp-image-21698\" srcset=\"https:\/\/blogdorogeriogomes.com.br\/noticias\/wp-content\/uploads\/2021\/06\/20210619200624_745da5cb19993b6f4212e9dccbc1e4a703f8499a720dd238ba86dde5e24bc256-1024x492.jpg 1024w, https:\/\/blogdorogeriogomes.com.br\/noticias\/wp-content\/uploads\/2021\/06\/20210619200624_745da5cb19993b6f4212e9dccbc1e4a703f8499a720dd238ba86dde5e24bc256-300x144.jpg 300w, https:\/\/blogdorogeriogomes.com.br\/noticias\/wp-content\/uploads\/2021\/06\/20210619200624_745da5cb19993b6f4212e9dccbc1e4a703f8499a720dd238ba86dde5e24bc256-768x369.jpg 768w, https:\/\/blogdorogeriogomes.com.br\/noticias\/wp-content\/uploads\/2021\/06\/20210619200624_745da5cb19993b6f4212e9dccbc1e4a703f8499a720dd238ba86dde5e24bc256-800x384.jpg 800w, https:\/\/blogdorogeriogomes.com.br\/noticias\/wp-content\/uploads\/2021\/06\/20210619200624_745da5cb19993b6f4212e9dccbc1e4a703f8499a720dd238ba86dde5e24bc256.jpg 1250w\" sizes=\"auto, (max-width: 1024px) 100vw, 1024px\" \/><\/figure>\n","protected":false},"excerpt":{"rendered":"<p>O Brasil atingiu, neste s\u00e1bado, dia 19 de junho, a triste marca de 500 mil mortos pela Covid-19. Milhares de pessoas insatisfeitas com o enfrentamento da pandemia pelo Governo Bolsonaro voltaram a ocupar as ruas de todo o Pa\u00eds para cobrar um &#8220;Fora Bolsonaro&#8221;. Houve manifesta\u00e7\u00f5es em todos os 26 estados e no Distrito Federal. Na pauta dos protestos, o pedido por mais vacina, a sa\u00edda do presidente Jair Bolsonaro, aux\u00edlio emergencial de R$ 600 reais, erradica\u00e7\u00e3o da fome&hellip;<\/p>\n","protected":false},"author":1,"featured_media":21698,"comment_status":"open","ping_status":"open","sticky":false,"template":"","format":"standard","meta":{"footnotes":""},"categories":[1],"tags":[],"class_list":["post-21697","post","type-post","status-publish","format-standard","has-post-thumbnail","hentry","category-noticias"],"_links":{"self":[{"href":"https:\/\/blogdorogeriogomes.com.br\/noticias\/wp-json\/wp\/v2\/posts\/21697","targetHints":{"allow":["GET"]}}],"collection":[{"href":"https:\/\/blogdorogeriogomes.com.br\/noticias\/wp-json\/wp\/v2\/posts"}],"about":[{"href":"https:\/\/blogdorogeriogomes.com.br\/noticias\/wp-json\/wp\/v2\/types\/post"}],"author":[{"embeddable":true,"href":"https:\/\/blogdorogeriogomes.com.br\/noticias\/wp-json\/wp\/v2\/users\/1"}],"replies":[{"embeddable":true,"href":"https:\/\/blogdorogeriogomes.com.br\/noticias\/wp-json\/wp\/v2\/comments?post=21697"}],"version-history":[{"count":1,"href":"https:\/\/blogdorogeriogomes.com.br\/noticias\/wp-json\/wp\/v2\/posts\/21697\/revisions"}],"predecessor-version":[{"id":21699,"href":"https:\/\/blogdorogeriogomes.com.br\/noticias\/wp-json\/wp\/v2\/posts\/21697\/revisions\/21699"}],"wp:featuredmedia":[{"embeddable":true,"href":"https:\/\/blogdorogeriogomes.com.br\/noticias\/wp-json\/wp\/v2\/media\/21698"}],"wp:attachment":[{"href":"https:\/\/blogdorogeriogomes.com.br\/noticias\/wp-json\/wp\/v2\/media?parent=21697"}],"wp:term":[{"taxonomy":"category","embeddable":true,"href":"https:\/\/blogdorogeriogomes.com.br\/noticias\/wp-json\/wp\/v2\/categories?post=21697"},{"taxonomy":"post_tag","embeddable":true,"href":"https:\/\/blogdorogeriogomes.com.br\/noticias\/wp-json\/wp\/v2\/tags?post=21697"}],"curies":[{"name":"wp","href":"https:\/\/api.w.org\/{rel}","templated":true}]}}