{"id":21700,"date":"2021-06-21T10:09:28","date_gmt":"2021-06-21T10:09:28","guid":{"rendered":"https:\/\/blogdorogeriogomes.com.br\/?p=21700"},"modified":"2021-06-21T12:07:18","modified_gmt":"2021-06-21T12:07:18","slug":"primeira-parcela-do-13-salario-paga-hoje-por-estado-e-prefeitura-de-fortaleza-injeta-mais-de-r-600-milhoes-na-economia","status":"publish","type":"post","link":"https:\/\/blogdorogeriogomes.com.br\/noticias\/2021\/06\/primeira-parcela-do-13-salario-paga-hoje-por-estado-e-prefeitura-de-fortaleza-injeta-mais-de-r-600-milhoes-na-economia\/","title":{"rendered":"Primeira parcela do 13\u00b0 sal\u00e1rio paga hoje por Estado e Prefeitura de Fortaleza injeta mais de R$ 600 milh\u00f5es na economia"},"content":{"rendered":"\n<p>Cerca de R$ 602 milh\u00f5es de reais ser\u00e3o injetados na economia do Cear\u00e1, nesta segunda-feira, dia 21 de junho, com o pagamento da primeira parcela do 13\u00b0 sal\u00e1rio pelo Governo do Cear\u00e1 e Prefeitura de Fortaleza. <\/p>\n\n\n\n<p>No caso da Capital, os servidores municipais v\u00e3o receber 40% do valor total do 13\u00ba sal\u00e1rio, o que representaria R$ 102 milh\u00f5es de reais. S\u00e3o&nbsp;33.398 servidores e 17.268 aposentados e pensionistas que ser\u00e3o beneficiados pelo pagamento.<\/p>\n\n\n\n<p>No Estado, s\u00e3o cerca de 130 mil servidores, entre ativos e aposentados e pensionistas que ter\u00e3o direito ao benef\u00edcio. A inje\u00e7\u00e3o ser\u00e1 de R$ 500 milh\u00f5es de reais. Recurso que foi antecipado em um m\u00eas no pagamento.<\/p>\n\n\n\n<figure class=\"wp-block-image size-large\"><img loading=\"lazy\" decoding=\"async\" width=\"741\" height=\"414\" src=\"https:\/\/blogdorogeriogomes.com.br\/wp-content\/uploads\/2021\/06\/images-58.jpeg\" alt=\"\" class=\"wp-image-21701\" srcset=\"https:\/\/blogdorogeriogomes.com.br\/noticias\/wp-content\/uploads\/2021\/06\/images-58.jpeg 741w, https:\/\/blogdorogeriogomes.com.br\/noticias\/wp-content\/uploads\/2021\/06\/images-58-300x168.jpeg 300w\" sizes=\"auto, (max-width: 741px) 100vw, 741px\" \/><\/figure>\n","protected":false},"excerpt":{"rendered":"<p>Cerca de R$ 602 milh\u00f5es de reais ser\u00e3o injetados na economia do Cear\u00e1, nesta segunda-feira, dia 21 de junho, com o pagamento da primeira parcela do 13\u00b0 sal\u00e1rio pelo Governo do Cear\u00e1 e Prefeitura de Fortaleza. No caso da Capital, os servidores municipais v\u00e3o receber 40% do valor total do 13\u00ba sal\u00e1rio, o que representaria R$ 102 milh\u00f5es de reais. S\u00e3o&nbsp;33.398 servidores e 17.268 aposentados e pensionistas que ser\u00e3o beneficiados pelo pagamento. No Estado, s\u00e3o cerca de 130 mil&hellip;<\/p>\n","protected":false},"author":1,"featured_media":21701,"comment_status":"open","ping_status":"open","sticky":false,"template":"","format":"standard","meta":{"footnotes":""},"categories":[1],"tags":[],"class_list":["post-21700","post","type-post","status-publish","format-standard","has-post-thumbnail","hentry","category-noticias"],"_links":{"self":[{"href":"https:\/\/blogdorogeriogomes.com.br\/noticias\/wp-json\/wp\/v2\/posts\/21700","targetHints":{"allow":["GET"]}}],"collection":[{"href":"https:\/\/blogdorogeriogomes.com.br\/noticias\/wp-json\/wp\/v2\/posts"}],"about":[{"href":"https:\/\/blogdorogeriogomes.com.br\/noticias\/wp-json\/wp\/v2\/types\/post"}],"author":[{"embeddable":true,"href":"https:\/\/blogdorogeriogomes.com.br\/noticias\/wp-json\/wp\/v2\/users\/1"}],"replies":[{"embeddable":true,"href":"https:\/\/blogdorogeriogomes.com.br\/noticias\/wp-json\/wp\/v2\/comments?post=21700"}],"version-history":[{"count":2,"href":"https:\/\/blogdorogeriogomes.com.br\/noticias\/wp-json\/wp\/v2\/posts\/21700\/revisions"}],"predecessor-version":[{"id":21706,"href":"https:\/\/blogdorogeriogomes.com.br\/noticias\/wp-json\/wp\/v2\/posts\/21700\/revisions\/21706"}],"wp:featuredmedia":[{"embeddable":true,"href":"https:\/\/blogdorogeriogomes.com.br\/noticias\/wp-json\/wp\/v2\/media\/21701"}],"wp:attachment":[{"href":"https:\/\/blogdorogeriogomes.com.br\/noticias\/wp-json\/wp\/v2\/media?parent=21700"}],"wp:term":[{"taxonomy":"category","embeddable":true,"href":"https:\/\/blogdorogeriogomes.com.br\/noticias\/wp-json\/wp\/v2\/categories?post=21700"},{"taxonomy":"post_tag","embeddable":true,"href":"https:\/\/blogdorogeriogomes.com.br\/noticias\/wp-json\/wp\/v2\/tags?post=21700"}],"curies":[{"name":"wp","href":"https:\/\/api.w.org\/{rel}","templated":true}]}}