{"id":21703,"date":"2021-06-21T10:47:43","date_gmt":"2021-06-21T10:47:43","guid":{"rendered":"https:\/\/blogdorogeriogomes.com.br\/?p=21703"},"modified":"2021-06-21T12:07:11","modified_gmt":"2021-06-21T12:07:11","slug":"ceara-recebe-mais-280-mil-doses-da-astrazeneca-imunizante-sera-utilizado-para-aplicacao-da-segunda-dose","status":"publish","type":"post","link":"https:\/\/blogdorogeriogomes.com.br\/noticias\/2021\/06\/ceara-recebe-mais-280-mil-doses-da-astrazeneca-imunizante-sera-utilizado-para-aplicacao-da-segunda-dose\/","title":{"rendered":"Cear\u00e1 recebe mais 280 mil doses da AstraZeneca. Imunizante ser\u00e1 utilizado para aplica\u00e7\u00e3o da segunda dose"},"content":{"rendered":"\n<p>Um lote com 280 mil doses da vacina AstraZeneca desembarcou em Fortaleza, na noite deste domingo, dia 20 de junho. O imunizante ser\u00e1 usado para aplica\u00e7\u00e3o da segunda dose das pessoas que j\u00e1 completaram os tr\u00eas meses da primeira aplica\u00e7\u00e3o.<\/p>\n\n\n\n<p>Nesta segunda-feira, dia 21, as vacinas est\u00e3o sendo distribu\u00eddas pela Secretaria de Sa\u00fade do Cear\u00e1 para 22 rotas pelo interior do Estado que contemplam os 184 munic\u00edpios cearenses. At\u00e9 o fim de semana, o Cear\u00e1 j\u00e1 aplicou cerca de 3.600.000 doses das vacinas contra a Covid-19.<\/p>\n\n\n\n<p>O Brasil registrou 1.050 mortes por Covid-19 nas \u00faltimas 24 horas, totalizando 501.918 \u00f3bitos desde o in\u00edcio da pandemia. Com isso, a m\u00e9dia m\u00f3vel de mortes nos \u00faltimos sete dias chegou a 2.063. A primeira e segunda doses j\u00e1 foram aplicadas em 11,47% da popula\u00e7\u00e3o do pa\u00eds.<\/p>\n\n\n\n<figure class=\"wp-block-image size-large\"><img loading=\"lazy\" decoding=\"async\" width=\"984\" height=\"655\" src=\"https:\/\/blogdorogeriogomes.com.br\/wp-content\/uploads\/2021\/06\/203350426-2669722506484803-2404957478287858800-n.jpg\" alt=\"\" class=\"wp-image-21704\" srcset=\"https:\/\/blogdorogeriogomes.com.br\/noticias\/wp-content\/uploads\/2021\/06\/203350426-2669722506484803-2404957478287858800-n.jpg 984w, https:\/\/blogdorogeriogomes.com.br\/noticias\/wp-content\/uploads\/2021\/06\/203350426-2669722506484803-2404957478287858800-n-300x200.jpg 300w, https:\/\/blogdorogeriogomes.com.br\/noticias\/wp-content\/uploads\/2021\/06\/203350426-2669722506484803-2404957478287858800-n-768x511.jpg 768w, https:\/\/blogdorogeriogomes.com.br\/noticias\/wp-content\/uploads\/2021\/06\/203350426-2669722506484803-2404957478287858800-n-800x533.jpg 800w\" sizes=\"auto, (max-width: 984px) 100vw, 984px\" \/><\/figure>\n","protected":false},"excerpt":{"rendered":"<p>Um lote com 280 mil doses da vacina AstraZeneca desembarcou em Fortaleza, na noite deste domingo, dia 20 de junho. O imunizante ser\u00e1 usado para aplica\u00e7\u00e3o da segunda dose das pessoas que j\u00e1 completaram os tr\u00eas meses da primeira aplica\u00e7\u00e3o. Nesta segunda-feira, dia 21, as vacinas est\u00e3o sendo distribu\u00eddas pela Secretaria de Sa\u00fade do Cear\u00e1 para 22 rotas pelo interior do Estado que contemplam os 184 munic\u00edpios cearenses. At\u00e9 o fim de semana, o Cear\u00e1 j\u00e1 aplicou cerca de&hellip;<\/p>\n","protected":false},"author":1,"featured_media":21704,"comment_status":"open","ping_status":"open","sticky":false,"template":"","format":"standard","meta":{"footnotes":""},"categories":[1],"tags":[],"class_list":["post-21703","post","type-post","status-publish","format-standard","has-post-thumbnail","hentry","category-noticias"],"_links":{"self":[{"href":"https:\/\/blogdorogeriogomes.com.br\/noticias\/wp-json\/wp\/v2\/posts\/21703","targetHints":{"allow":["GET"]}}],"collection":[{"href":"https:\/\/blogdorogeriogomes.com.br\/noticias\/wp-json\/wp\/v2\/posts"}],"about":[{"href":"https:\/\/blogdorogeriogomes.com.br\/noticias\/wp-json\/wp\/v2\/types\/post"}],"author":[{"embeddable":true,"href":"https:\/\/blogdorogeriogomes.com.br\/noticias\/wp-json\/wp\/v2\/users\/1"}],"replies":[{"embeddable":true,"href":"https:\/\/blogdorogeriogomes.com.br\/noticias\/wp-json\/wp\/v2\/comments?post=21703"}],"version-history":[{"count":1,"href":"https:\/\/blogdorogeriogomes.com.br\/noticias\/wp-json\/wp\/v2\/posts\/21703\/revisions"}],"predecessor-version":[{"id":21705,"href":"https:\/\/blogdorogeriogomes.com.br\/noticias\/wp-json\/wp\/v2\/posts\/21703\/revisions\/21705"}],"wp:featuredmedia":[{"embeddable":true,"href":"https:\/\/blogdorogeriogomes.com.br\/noticias\/wp-json\/wp\/v2\/media\/21704"}],"wp:attachment":[{"href":"https:\/\/blogdorogeriogomes.com.br\/noticias\/wp-json\/wp\/v2\/media?parent=21703"}],"wp:term":[{"taxonomy":"category","embeddable":true,"href":"https:\/\/blogdorogeriogomes.com.br\/noticias\/wp-json\/wp\/v2\/categories?post=21703"},{"taxonomy":"post_tag","embeddable":true,"href":"https:\/\/blogdorogeriogomes.com.br\/noticias\/wp-json\/wp\/v2\/tags?post=21703"}],"curies":[{"name":"wp","href":"https:\/\/api.w.org\/{rel}","templated":true}]}}