{"id":21707,"date":"2021-06-21T17:22:39","date_gmt":"2021-06-21T17:22:39","guid":{"rendered":"https:\/\/blogdorogeriogomes.com.br\/?p=21707"},"modified":"2021-06-22T09:54:57","modified_gmt":"2021-06-22T09:54:57","slug":"cpi-da-covid-integrantes-do-gabinete-paralelo-osmar-terra-e-filipe-martins-prestam-depoimentos-nesta-semana","status":"publish","type":"post","link":"https:\/\/blogdorogeriogomes.com.br\/noticias\/2021\/06\/cpi-da-covid-integrantes-do-gabinete-paralelo-osmar-terra-e-filipe-martins-prestam-depoimentos-nesta-semana\/","title":{"rendered":"CPI da Covid: integrantes do &#8220;gabinete paralelo&#8221; Osmar Terra e Filipe Martins prestam depoimentos nesta semana"},"content":{"rendered":"\n<p>A CPI da Covid recebe, nos pr\u00f3ximos dias, nomes apontados como integrantes do gabinete paralelo que assessorou o presidente Jair Bolsonaro nas decis\u00f5es sobre a pandemia. Nesta ter\u00e7a-feira, dia 22 de junho, os senadores ouvir\u00e3o depoimento do deputado federal Osmar Terra (MDB). Negacionista e ex-ministro de Desenvolvimento Social de Bolsonaro, Terra \u00e9 listado como &#8220;padrinho&#8221; do gabinete e foi convidado para comparecer \u00e0 comiss\u00e3o.<\/p>\n\n\n\n<p>Na quinta-feira, dia 24, \u00e9 a vez do assessor internacional da Presid\u00eancia da Rep\u00fablica, Filipe Martins, prestar esclarecimentos sobre as reuni\u00f5es e a\u00e7\u00f5es do governo federal. O bolsonarista esteve envolvido em diversos epis\u00f3dios de confronto ao isolamento social e o uso das vacinas. Al\u00e9m disso, foi denunciado pelo Minist\u00e9rio P\u00fablico Federal por gesto racista durante sess\u00e3o no Senado Fededal.<\/p>\n\n\n\n<p>Filipe esteve em reuni\u00f5es com Bolsonaro, Osmar Terra, dentre outros integrantes do grupo que deliberava pautas da pandemia fora do Minist\u00e9rio da Sa\u00fade. E tamb\u00e9m ter\u00e1 de explicar a sua participa\u00e7\u00e3o em reuni\u00e3o com representantes da Pfizer, quando a farmac\u00eautica ofertou ao Pa\u00eds a compra de doses da vacina ainda no ano passado.<\/p>\n\n\n\n<p>Ap\u00f3s aus\u00eancia na semana passada, o empres\u00e1rio Carlos Wizard teve seu depoimento remarcado para o dia 30 de junho. Wizard \u00e9 defensor da cloroquina no tratamento precoce contra Covid-19. A presid\u00eancia da CPI chegou a pedir apreens\u00e3o do passaporte do bolsonarista ap\u00f3s ele n\u00e3o comparecer ao Senado na primeira convoca\u00e7\u00e3o para depor.<\/p>\n\n\n\n<figure class=\"wp-block-image size-large\"><img loading=\"lazy\" decoding=\"async\" width=\"860\" height=\"570\" src=\"https:\/\/blogdorogeriogomes.com.br\/wp-content\/uploads\/2021\/06\/imagem_materia.jpeg\" alt=\"\" class=\"wp-image-21708\" srcset=\"https:\/\/blogdorogeriogomes.com.br\/noticias\/wp-content\/uploads\/2021\/06\/imagem_materia.jpeg 860w, https:\/\/blogdorogeriogomes.com.br\/noticias\/wp-content\/uploads\/2021\/06\/imagem_materia-300x199.jpeg 300w, https:\/\/blogdorogeriogomes.com.br\/noticias\/wp-content\/uploads\/2021\/06\/imagem_materia-768x509.jpeg 768w, https:\/\/blogdorogeriogomes.com.br\/noticias\/wp-content\/uploads\/2021\/06\/imagem_materia-800x530.jpeg 800w\" sizes=\"auto, (max-width: 860px) 100vw, 860px\" \/><\/figure>\n","protected":false},"excerpt":{"rendered":"<p>A CPI da Covid recebe, nos pr\u00f3ximos dias, nomes apontados como integrantes do gabinete paralelo que assessorou o presidente Jair Bolsonaro nas decis\u00f5es sobre a pandemia. Nesta ter\u00e7a-feira, dia 22 de junho, os senadores ouvir\u00e3o depoimento do deputado federal Osmar Terra (MDB). Negacionista e ex-ministro de Desenvolvimento Social de Bolsonaro, Terra \u00e9 listado como &#8220;padrinho&#8221; do gabinete e foi convidado para comparecer \u00e0 comiss\u00e3o. Na quinta-feira, dia 24, \u00e9 a vez do assessor internacional da Presid\u00eancia da Rep\u00fablica, Filipe&hellip;<\/p>\n","protected":false},"author":1,"featured_media":21708,"comment_status":"open","ping_status":"open","sticky":false,"template":"","format":"standard","meta":{"footnotes":""},"categories":[1],"tags":[],"class_list":["post-21707","post","type-post","status-publish","format-standard","has-post-thumbnail","hentry","category-noticias"],"_links":{"self":[{"href":"https:\/\/blogdorogeriogomes.com.br\/noticias\/wp-json\/wp\/v2\/posts\/21707","targetHints":{"allow":["GET"]}}],"collection":[{"href":"https:\/\/blogdorogeriogomes.com.br\/noticias\/wp-json\/wp\/v2\/posts"}],"about":[{"href":"https:\/\/blogdorogeriogomes.com.br\/noticias\/wp-json\/wp\/v2\/types\/post"}],"author":[{"embeddable":true,"href":"https:\/\/blogdorogeriogomes.com.br\/noticias\/wp-json\/wp\/v2\/users\/1"}],"replies":[{"embeddable":true,"href":"https:\/\/blogdorogeriogomes.com.br\/noticias\/wp-json\/wp\/v2\/comments?post=21707"}],"version-history":[{"count":1,"href":"https:\/\/blogdorogeriogomes.com.br\/noticias\/wp-json\/wp\/v2\/posts\/21707\/revisions"}],"predecessor-version":[{"id":21709,"href":"https:\/\/blogdorogeriogomes.com.br\/noticias\/wp-json\/wp\/v2\/posts\/21707\/revisions\/21709"}],"wp:featuredmedia":[{"embeddable":true,"href":"https:\/\/blogdorogeriogomes.com.br\/noticias\/wp-json\/wp\/v2\/media\/21708"}],"wp:attachment":[{"href":"https:\/\/blogdorogeriogomes.com.br\/noticias\/wp-json\/wp\/v2\/media?parent=21707"}],"wp:term":[{"taxonomy":"category","embeddable":true,"href":"https:\/\/blogdorogeriogomes.com.br\/noticias\/wp-json\/wp\/v2\/categories?post=21707"},{"taxonomy":"post_tag","embeddable":true,"href":"https:\/\/blogdorogeriogomes.com.br\/noticias\/wp-json\/wp\/v2\/tags?post=21707"}],"curies":[{"name":"wp","href":"https:\/\/api.w.org\/{rel}","templated":true}]}}