{"id":21713,"date":"2021-06-21T23:16:00","date_gmt":"2021-06-21T23:16:00","guid":{"rendered":"https:\/\/blogdorogeriogomes.com.br\/?p=21713"},"modified":"2021-06-22T09:54:18","modified_gmt":"2021-06-22T09:54:18","slug":"fortaleza-tera-113-centros-de-vacinacao-contra-a-covid-19-a-partir-desta-segunda-feira","status":"publish","type":"post","link":"https:\/\/blogdorogeriogomes.com.br\/noticias\/2021\/06\/fortaleza-tera-113-centros-de-vacinacao-contra-a-covid-19-a-partir-desta-segunda-feira\/","title":{"rendered":"Fortaleza ter\u00e1 113 centros de vacina\u00e7\u00e3o contra a Covid-19 a partir desta segunda-feira"},"content":{"rendered":"\n<p>A secret\u00e1ria municipal da Sa\u00fade, Ana Estela Leite, confirmou que a campanha de vacina\u00e7\u00e3o contra a Covid-19 em Fortaleza passou a contar com 113 centros de vacina\u00e7\u00e3o, a partir desta segunda-feira, 21 de junho. A Capital passou de 53 para 113 centros, que ir\u00e3o funcionar durante a semana para aplicar as doses na popula\u00e7\u00e3o em geral. As listas com os convocados para os novos locais est\u00e3o dispon\u00edveis no site coronavirus.fortaleza.ce.gov.br e no site vacineja.sepog.fortaleza.ce.gov.br, por meio da op\u00e7\u00e3o &#8220;Consultar cadastro&#8221;.<br>Ana Estela tamb\u00e9m destacou que 914.149 fortalezenses j\u00e1 receberam a 1\u00aa dose da vacina, onde 338.945 foram imunizados com as duas doses. J\u00e1 na atual fase de vacina\u00e7\u00e3o, focada na popula\u00e7\u00e3o em geral, s\u00e3o 231.202 imunizados.<br>De acordo com a secret\u00e1ria da Sa\u00fade de Fortaleza, para quem perdeu a data de agendamento da aplica\u00e7\u00e3o da vacina e deseja ter acesso \u00e0 primeira dose, ser\u00e1 necess\u00e1rio comparecer a um dos centros de vacina\u00e7\u00e3o em funcionamento, comprovando seu agendamento anterior correspondente a etapa da popula\u00e7\u00e3o em geral, de 9 \u00e0s 17 horas, na data que corresponde ao seu ano de nascimento.<\/p>\n\n\n\n<figure class=\"wp-block-image size-large\"><img loading=\"lazy\" decoding=\"async\" width=\"739\" height=\"415\" src=\"https:\/\/blogdorogeriogomes.com.br\/wp-content\/uploads\/2021\/06\/IMG-20210621-WA0103.jpg\" alt=\"\" class=\"wp-image-21714\" srcset=\"https:\/\/blogdorogeriogomes.com.br\/noticias\/wp-content\/uploads\/2021\/06\/IMG-20210621-WA0103.jpg 739w, https:\/\/blogdorogeriogomes.com.br\/noticias\/wp-content\/uploads\/2021\/06\/IMG-20210621-WA0103-300x168.jpg 300w\" sizes=\"auto, (max-width: 739px) 100vw, 739px\" \/><\/figure>\n","protected":false},"excerpt":{"rendered":"<p>A secret\u00e1ria municipal da Sa\u00fade, Ana Estela Leite, confirmou que a campanha de vacina\u00e7\u00e3o contra a Covid-19 em Fortaleza passou a contar com 113 centros de vacina\u00e7\u00e3o, a partir desta segunda-feira, 21 de junho. A Capital passou de 53 para 113 centros, que ir\u00e3o funcionar durante a semana para aplicar as doses na popula\u00e7\u00e3o em geral. As listas com os convocados para os novos locais est\u00e3o dispon\u00edveis no site coronavirus.fortaleza.ce.gov.br e no site vacineja.sepog.fortaleza.ce.gov.br, por meio da op\u00e7\u00e3o &#8220;Consultar&hellip;<\/p>\n","protected":false},"author":1,"featured_media":21714,"comment_status":"open","ping_status":"open","sticky":false,"template":"","format":"standard","meta":{"footnotes":""},"categories":[1],"tags":[],"class_list":["post-21713","post","type-post","status-publish","format-standard","has-post-thumbnail","hentry","category-noticias"],"_links":{"self":[{"href":"https:\/\/blogdorogeriogomes.com.br\/noticias\/wp-json\/wp\/v2\/posts\/21713","targetHints":{"allow":["GET"]}}],"collection":[{"href":"https:\/\/blogdorogeriogomes.com.br\/noticias\/wp-json\/wp\/v2\/posts"}],"about":[{"href":"https:\/\/blogdorogeriogomes.com.br\/noticias\/wp-json\/wp\/v2\/types\/post"}],"author":[{"embeddable":true,"href":"https:\/\/blogdorogeriogomes.com.br\/noticias\/wp-json\/wp\/v2\/users\/1"}],"replies":[{"embeddable":true,"href":"https:\/\/blogdorogeriogomes.com.br\/noticias\/wp-json\/wp\/v2\/comments?post=21713"}],"version-history":[{"count":1,"href":"https:\/\/blogdorogeriogomes.com.br\/noticias\/wp-json\/wp\/v2\/posts\/21713\/revisions"}],"predecessor-version":[{"id":21715,"href":"https:\/\/blogdorogeriogomes.com.br\/noticias\/wp-json\/wp\/v2\/posts\/21713\/revisions\/21715"}],"wp:featuredmedia":[{"embeddable":true,"href":"https:\/\/blogdorogeriogomes.com.br\/noticias\/wp-json\/wp\/v2\/media\/21714"}],"wp:attachment":[{"href":"https:\/\/blogdorogeriogomes.com.br\/noticias\/wp-json\/wp\/v2\/media?parent=21713"}],"wp:term":[{"taxonomy":"category","embeddable":true,"href":"https:\/\/blogdorogeriogomes.com.br\/noticias\/wp-json\/wp\/v2\/categories?post=21713"},{"taxonomy":"post_tag","embeddable":true,"href":"https:\/\/blogdorogeriogomes.com.br\/noticias\/wp-json\/wp\/v2\/tags?post=21713"}],"curies":[{"name":"wp","href":"https:\/\/api.w.org\/{rel}","templated":true}]}}