{"id":21716,"date":"2021-06-22T10:05:09","date_gmt":"2021-06-22T10:05:09","guid":{"rendered":"https:\/\/blogdorogeriogomes.com.br\/?p=21716"},"modified":"2021-06-24T11:55:30","modified_gmt":"2021-06-24T11:55:30","slug":"ministerio-publico-estadual-denuncia-35-policiais-militares-no-caso-em-que-senador-cid-gomes-foi-baleado-em-sobral-durante-greve-da-pm","status":"publish","type":"post","link":"https:\/\/blogdorogeriogomes.com.br\/noticias\/2021\/06\/ministerio-publico-estadual-denuncia-35-policiais-militares-no-caso-em-que-senador-cid-gomes-foi-baleado-em-sobral-durante-greve-da-pm\/","title":{"rendered":"Minist\u00e9rio P\u00fablico Estadual denuncia 35 policiais militares no caso em que senador Cid Gomes foi baleado em Sobral durante greve da PM"},"content":{"rendered":"\n<p>Depois de mais de um ano, o Minist\u00e9rio P\u00fablico Estadual denunciou 35 policiais militares no caso que envolveu o senador Cid Gomes (PDT) durante greve da PM no Cear\u00e1, em fevereiro de 2020. Ao tentar intervir para desocupar o 3\u00b0 Batalh\u00e3o da PM, em Sobral, na Zona Norte, Cid Gomes foi baleado pelos amotinados. Na a\u00e7\u00e3o, o senador tentou arrancar o port\u00e3o do quartel com o uso de uma retroescavadeira.<\/p>\n\n\n\n<p>A Promotoria de Justi\u00e7a Militar e Controle Externo da Atividade Policial Militar denunciou os militares por crimes como revolta e omiss\u00e3o de efici\u00eancia da for\u00e7a.&nbsp;Os militares ainda poder\u00e3o ser denunciados por tentativa de homic\u00eddio, que ainda ser\u00e1 analisada por outra Promotoria. Al\u00e9m da den\u00fancia, o Minist\u00e9rio P\u00fablico Estadual requereu a suspens\u00e3o do exerc\u00edcio das fun\u00e7\u00f5es p\u00fablicas dos 33 pra\u00e7as denunciados, assim como solicitou que os dois coron\u00e9is denunciados fossem proibidos de assumirem fun\u00e7\u00f5es que n\u00e3o sejam administrativas.&nbsp;<\/p>\n\n\n\n<figure class=\"wp-block-image size-large\"><img loading=\"lazy\" decoding=\"async\" width=\"678\" height=\"452\" src=\"https:\/\/blogdorogeriogomes.com.br\/wp-content\/uploads\/2021\/06\/images-59.jpeg\" alt=\"\" class=\"wp-image-21717\" srcset=\"https:\/\/blogdorogeriogomes.com.br\/noticias\/wp-content\/uploads\/2021\/06\/images-59.jpeg 678w, https:\/\/blogdorogeriogomes.com.br\/noticias\/wp-content\/uploads\/2021\/06\/images-59-300x200.jpeg 300w\" sizes=\"auto, (max-width: 678px) 100vw, 678px\" \/><\/figure>\n","protected":false},"excerpt":{"rendered":"<p>Depois de mais de um ano, o Minist\u00e9rio P\u00fablico Estadual denunciou 35 policiais militares no caso que envolveu o senador Cid Gomes (PDT) durante greve da PM no Cear\u00e1, em fevereiro de 2020. Ao tentar intervir para desocupar o 3\u00b0 Batalh\u00e3o da PM, em Sobral, na Zona Norte, Cid Gomes foi baleado pelos amotinados. Na a\u00e7\u00e3o, o senador tentou arrancar o port\u00e3o do quartel com o uso de uma retroescavadeira. A Promotoria de Justi\u00e7a Militar e Controle Externo da&hellip;<\/p>\n","protected":false},"author":1,"featured_media":21717,"comment_status":"open","ping_status":"open","sticky":false,"template":"","format":"standard","meta":{"footnotes":""},"categories":[1],"tags":[],"class_list":["post-21716","post","type-post","status-publish","format-standard","has-post-thumbnail","hentry","category-noticias"],"_links":{"self":[{"href":"https:\/\/blogdorogeriogomes.com.br\/noticias\/wp-json\/wp\/v2\/posts\/21716","targetHints":{"allow":["GET"]}}],"collection":[{"href":"https:\/\/blogdorogeriogomes.com.br\/noticias\/wp-json\/wp\/v2\/posts"}],"about":[{"href":"https:\/\/blogdorogeriogomes.com.br\/noticias\/wp-json\/wp\/v2\/types\/post"}],"author":[{"embeddable":true,"href":"https:\/\/blogdorogeriogomes.com.br\/noticias\/wp-json\/wp\/v2\/users\/1"}],"replies":[{"embeddable":true,"href":"https:\/\/blogdorogeriogomes.com.br\/noticias\/wp-json\/wp\/v2\/comments?post=21716"}],"version-history":[{"count":2,"href":"https:\/\/blogdorogeriogomes.com.br\/noticias\/wp-json\/wp\/v2\/posts\/21716\/revisions"}],"predecessor-version":[{"id":21762,"href":"https:\/\/blogdorogeriogomes.com.br\/noticias\/wp-json\/wp\/v2\/posts\/21716\/revisions\/21762"}],"wp:featuredmedia":[{"embeddable":true,"href":"https:\/\/blogdorogeriogomes.com.br\/noticias\/wp-json\/wp\/v2\/media\/21717"}],"wp:attachment":[{"href":"https:\/\/blogdorogeriogomes.com.br\/noticias\/wp-json\/wp\/v2\/media?parent=21716"}],"wp:term":[{"taxonomy":"category","embeddable":true,"href":"https:\/\/blogdorogeriogomes.com.br\/noticias\/wp-json\/wp\/v2\/categories?post=21716"},{"taxonomy":"post_tag","embeddable":true,"href":"https:\/\/blogdorogeriogomes.com.br\/noticias\/wp-json\/wp\/v2\/tags?post=21716"}],"curies":[{"name":"wp","href":"https:\/\/api.w.org\/{rel}","templated":true}]}}