{"id":21719,"date":"2021-06-22T10:30:34","date_gmt":"2021-06-22T10:30:34","guid":{"rendered":"https:\/\/blogdorogeriogomes.com.br\/?p=21719"},"modified":"2021-06-24T11:55:12","modified_gmt":"2021-06-24T11:55:12","slug":"assembleia-legislativa-discute-pacto-contra-a-pandemia-nesta-quarta-feira","status":"publish","type":"post","link":"https:\/\/blogdorogeriogomes.com.br\/noticias\/2021\/06\/assembleia-legislativa-discute-pacto-contra-a-pandemia-nesta-quarta-feira\/","title":{"rendered":"Assembleia Legislativa discute pacto contra a pandemia nesta quarta-feira"},"content":{"rendered":"\n<p>A Assembleia Legislativa do Cear\u00e1 discute a forma\u00e7\u00e3o de um pacto contra a pandemia da Covid-19, nesta quarta-feira, dia 23 de junho. A ideia \u00e9 buscar novas formas de enfrentamento ao coronav\u00edrus no Estado e evitar o impacto de uma poss\u00edvel terceira onda da pandemia.<\/p>\n\n\n\n<p>De acordo com o presidente da Assembleia Legislativa, Evandro Leit\u00e3o (PDT), foram convidadas entidades como C\u00e2mara de Dirigentes Lojistas de Fortaleza (CDL), Fecom\u00e9rcio, Federa\u00e7\u00e3o das Ind\u00fastrias do Estado do Cear\u00e1 (Fiec) e \u00f3rg\u00e3os como os Minist\u00e9rio P\u00fablico Estadual e Federal, Secretaria de Sa\u00fade do Cear\u00e1 e Municipal  de Fortaleza e a Associa\u00e7\u00e3o dos Munic\u00edpios do Estado do Cear\u00e1 (Aprece).<\/p>\n\n\n\n<p>O governador Camilo Santana declarou que \u00e9 miss\u00e3o do Poder Legislativo &#8220;convocar o setor produtivo, Federa\u00e7\u00e3o das Ind\u00fastrias, todo o com\u00e9rcio, para que a gente fa\u00e7a um pacto com todos os cearenses para garantir o compromisso de evitar o retorno dessa alta de transmiss\u00e3o no Cear\u00e1\u201d.<\/p>\n\n\n\n<figure class=\"wp-block-image size-large\"><img loading=\"lazy\" decoding=\"async\" width=\"679\" height=\"452\" src=\"https:\/\/blogdorogeriogomes.com.br\/wp-content\/uploads\/2021\/06\/images-60.jpeg\" alt=\"\" class=\"wp-image-21720\" srcset=\"https:\/\/blogdorogeriogomes.com.br\/noticias\/wp-content\/uploads\/2021\/06\/images-60.jpeg 679w, https:\/\/blogdorogeriogomes.com.br\/noticias\/wp-content\/uploads\/2021\/06\/images-60-300x200.jpeg 300w\" sizes=\"auto, (max-width: 679px) 100vw, 679px\" \/><\/figure>\n","protected":false},"excerpt":{"rendered":"<p>A Assembleia Legislativa do Cear\u00e1 discute a forma\u00e7\u00e3o de um pacto contra a pandemia da Covid-19, nesta quarta-feira, dia 23 de junho. A ideia \u00e9 buscar novas formas de enfrentamento ao coronav\u00edrus no Estado e evitar o impacto de uma poss\u00edvel terceira onda da pandemia. De acordo com o presidente da Assembleia Legislativa, Evandro Leit\u00e3o (PDT), foram convidadas entidades como C\u00e2mara de Dirigentes Lojistas de Fortaleza (CDL), Fecom\u00e9rcio, Federa\u00e7\u00e3o das Ind\u00fastrias do Estado do Cear\u00e1 (Fiec) e \u00f3rg\u00e3os como&hellip;<\/p>\n","protected":false},"author":1,"featured_media":21720,"comment_status":"open","ping_status":"open","sticky":false,"template":"","format":"standard","meta":{"footnotes":""},"categories":[1],"tags":[],"class_list":["post-21719","post","type-post","status-publish","format-standard","has-post-thumbnail","hentry","category-noticias"],"_links":{"self":[{"href":"https:\/\/blogdorogeriogomes.com.br\/noticias\/wp-json\/wp\/v2\/posts\/21719","targetHints":{"allow":["GET"]}}],"collection":[{"href":"https:\/\/blogdorogeriogomes.com.br\/noticias\/wp-json\/wp\/v2\/posts"}],"about":[{"href":"https:\/\/blogdorogeriogomes.com.br\/noticias\/wp-json\/wp\/v2\/types\/post"}],"author":[{"embeddable":true,"href":"https:\/\/blogdorogeriogomes.com.br\/noticias\/wp-json\/wp\/v2\/users\/1"}],"replies":[{"embeddable":true,"href":"https:\/\/blogdorogeriogomes.com.br\/noticias\/wp-json\/wp\/v2\/comments?post=21719"}],"version-history":[{"count":1,"href":"https:\/\/blogdorogeriogomes.com.br\/noticias\/wp-json\/wp\/v2\/posts\/21719\/revisions"}],"predecessor-version":[{"id":21721,"href":"https:\/\/blogdorogeriogomes.com.br\/noticias\/wp-json\/wp\/v2\/posts\/21719\/revisions\/21721"}],"wp:featuredmedia":[{"embeddable":true,"href":"https:\/\/blogdorogeriogomes.com.br\/noticias\/wp-json\/wp\/v2\/media\/21720"}],"wp:attachment":[{"href":"https:\/\/blogdorogeriogomes.com.br\/noticias\/wp-json\/wp\/v2\/media?parent=21719"}],"wp:term":[{"taxonomy":"category","embeddable":true,"href":"https:\/\/blogdorogeriogomes.com.br\/noticias\/wp-json\/wp\/v2\/categories?post=21719"},{"taxonomy":"post_tag","embeddable":true,"href":"https:\/\/blogdorogeriogomes.com.br\/noticias\/wp-json\/wp\/v2\/tags?post=21719"}],"curies":[{"name":"wp","href":"https:\/\/api.w.org\/{rel}","templated":true}]}}