{"id":21722,"date":"2021-06-22T18:58:41","date_gmt":"2021-06-22T18:58:41","guid":{"rendered":"https:\/\/blogdorogeriogomes.com.br\/?p=21722"},"modified":"2021-06-24T11:54:30","modified_gmt":"2021-06-24T11:54:30","slug":"osmar-terra-sustenta-negacionismo-critica-isolamento-social-e-defende-imunidade-rebanho-na-cpi-da-covid","status":"publish","type":"post","link":"https:\/\/blogdorogeriogomes.com.br\/noticias\/2021\/06\/osmar-terra-sustenta-negacionismo-critica-isolamento-social-e-defende-imunidade-rebanho-na-cpi-da-covid\/","title":{"rendered":"Osmar Terra sustenta negacionismo, critica isolamento social e defende imunidade rebanho na CPI da Covid"},"content":{"rendered":"\n<p>O deputado federal e ex-ministro do Desenvolvimento Social do governo Bolsonaro, Osmar Terra, apontado como comandante do &#8220;Minist\u00e9rio Paralelo do Governo Bolsonaro, foi \u00e0 CPI da Covid nesta ter\u00e7a-feira, dia 22 de junho, para refor\u00e7ar sua postura negacionista diante da pandemia e que confronta protocolos sanit\u00e1rios recomendados pelas autoridades de sa\u00fade em todo o mundo. Terra afirmou que o lockdown provocou a morte de fam\u00edlias por infec\u00e7\u00f5es dentro de casa, insistiu que o fim da pandemia s\u00f3 vir\u00e1 com a imunidade rebanho, apesar de evid\u00eancias cient\u00edficas descartarem a teoria, e defendeu o presidente Jair Bolsonaro das acusa\u00e7\u00f5es de responsabilidade pelo estado cr\u00edtico no Brasil. Tudo isso diante de 502 mil mortes do Covid-19 no Brasil.<\/p>\n\n\n\n<p>Para o emedebista, a imunidade rebanho \u00e9 uma &#8220;consequ\u00eancia natural&#8221; de todas as pandemias. No ano passado, Osmar Terra chegou a fazer uma s\u00e9rie de previs\u00f5es completamente equivocadas sobre o coronav\u00edrus, como apontar que o v\u00edrus seria um problema menor do que a epidemia de H1N1 e que a contamina\u00e7\u00e3o iria estabilizar a imunidade da popula\u00e7\u00e3o em pouco tempo.<\/p>\n\n\n\n<p>Durante o depoimento, Osmar Terra se contradisse quando afirmou que nunca defendeu a contamina\u00e7\u00e3o da popula\u00e7\u00e3o para alcan\u00e7ar imunidade. Al\u00e9m disso, disso negou ser negacionista ap\u00f3s as falas negacionistas. &#8220;Eu defendo a vacina. N\u00e3o nego a vacina&#8221;, disse.<\/p>\n\n\n\n<p>O deputado disse ainda que n\u00e3o se pode responsabilizar Bolsonaro pelo alto n\u00famero de mortos em todo o pa\u00eds. &#8220;Ele n\u00e3o tinha a caneta na m\u00e3o para decidir nada&#8221;, afirmou, tentando culpar o Supremo Tribunal Federal por ter concedido autonomia \u00e0 estados e munic\u00edpios para gest\u00e3o local da pandemia. &#8220;N\u00e3o tem mentira maior do que dizer que o STF tirou poder do presidente&#8221;, refutou o presidente da CPI, Omar Aziz (PSD).<\/p>\n\n\n\n<p>Terra tamb\u00e9m negou a exist\u00eancia do &#8220;gabinete paralelo&#8221;. O relator da CPI, Renan Calheiros (MDB), chamou Osmar Terra de &#8220;l\u00edder do negacionismo&#8221; no Governo Bolsonaro. Apesar da fala sobre o gabinete, Terra admitiu que aconselha e teve reuni\u00f5es recorrentes com Bolsonaro e seus aliados.<\/p>\n\n\n\n<figure class=\"wp-block-image size-large\"><img loading=\"lazy\" decoding=\"async\" width=\"715\" height=\"429\" src=\"https:\/\/blogdorogeriogomes.com.br\/wp-content\/uploads\/2021\/06\/images-61.jpeg\" alt=\"\" class=\"wp-image-21723\" srcset=\"https:\/\/blogdorogeriogomes.com.br\/noticias\/wp-content\/uploads\/2021\/06\/images-61.jpeg 715w, https:\/\/blogdorogeriogomes.com.br\/noticias\/wp-content\/uploads\/2021\/06\/images-61-300x180.jpeg 300w\" sizes=\"auto, (max-width: 715px) 100vw, 715px\" \/><\/figure>\n","protected":false},"excerpt":{"rendered":"<p>O deputado federal e ex-ministro do Desenvolvimento Social do governo Bolsonaro, Osmar Terra, apontado como comandante do &#8220;Minist\u00e9rio Paralelo do Governo Bolsonaro, foi \u00e0 CPI da Covid nesta ter\u00e7a-feira, dia 22 de junho, para refor\u00e7ar sua postura negacionista diante da pandemia e que confronta protocolos sanit\u00e1rios recomendados pelas autoridades de sa\u00fade em todo o mundo. Terra afirmou que o lockdown provocou a morte de fam\u00edlias por infec\u00e7\u00f5es dentro de casa, insistiu que o fim da pandemia s\u00f3 vir\u00e1 com&hellip;<\/p>\n","protected":false},"author":1,"featured_media":21723,"comment_status":"open","ping_status":"open","sticky":false,"template":"","format":"standard","meta":{"footnotes":""},"categories":[1],"tags":[],"class_list":["post-21722","post","type-post","status-publish","format-standard","has-post-thumbnail","hentry","category-noticias"],"_links":{"self":[{"href":"https:\/\/blogdorogeriogomes.com.br\/noticias\/wp-json\/wp\/v2\/posts\/21722","targetHints":{"allow":["GET"]}}],"collection":[{"href":"https:\/\/blogdorogeriogomes.com.br\/noticias\/wp-json\/wp\/v2\/posts"}],"about":[{"href":"https:\/\/blogdorogeriogomes.com.br\/noticias\/wp-json\/wp\/v2\/types\/post"}],"author":[{"embeddable":true,"href":"https:\/\/blogdorogeriogomes.com.br\/noticias\/wp-json\/wp\/v2\/users\/1"}],"replies":[{"embeddable":true,"href":"https:\/\/blogdorogeriogomes.com.br\/noticias\/wp-json\/wp\/v2\/comments?post=21722"}],"version-history":[{"count":1,"href":"https:\/\/blogdorogeriogomes.com.br\/noticias\/wp-json\/wp\/v2\/posts\/21722\/revisions"}],"predecessor-version":[{"id":21724,"href":"https:\/\/blogdorogeriogomes.com.br\/noticias\/wp-json\/wp\/v2\/posts\/21722\/revisions\/21724"}],"wp:featuredmedia":[{"embeddable":true,"href":"https:\/\/blogdorogeriogomes.com.br\/noticias\/wp-json\/wp\/v2\/media\/21723"}],"wp:attachment":[{"href":"https:\/\/blogdorogeriogomes.com.br\/noticias\/wp-json\/wp\/v2\/media?parent=21722"}],"wp:term":[{"taxonomy":"category","embeddable":true,"href":"https:\/\/blogdorogeriogomes.com.br\/noticias\/wp-json\/wp\/v2\/categories?post=21722"},{"taxonomy":"post_tag","embeddable":true,"href":"https:\/\/blogdorogeriogomes.com.br\/noticias\/wp-json\/wp\/v2\/tags?post=21722"}],"curies":[{"name":"wp","href":"https:\/\/api.w.org\/{rel}","templated":true}]}}