{"id":21725,"date":"2021-06-22T23:55:09","date_gmt":"2021-06-22T23:55:09","guid":{"rendered":"https:\/\/blogdorogeriogomes.com.br\/?p=21725"},"modified":"2021-06-24T11:54:15","modified_gmt":"2021-06-24T11:54:15","slug":"com-mais-pontos-disponiveis-fortaleza-tem-cerca-de-70-mil-agendamentos-para-imunizacao-contra-covid-19-no-proximo-sabado","status":"publish","type":"post","link":"https:\/\/blogdorogeriogomes.com.br\/noticias\/2021\/06\/com-mais-pontos-disponiveis-fortaleza-tem-cerca-de-70-mil-agendamentos-para-imunizacao-contra-covid-19-no-proximo-sabado\/","title":{"rendered":"Com mais pontos dispon\u00edveis, Fortaleza tem cerca de 70 mil agendamentos para imuniza\u00e7\u00e3o contra Covid-19 no pr\u00f3ximo s\u00e1bado"},"content":{"rendered":"\n<p>No pr\u00f3ximo s\u00e1bado, dia 26 de junho, Fortaleza ter\u00e1 uma forte intensifica\u00e7\u00e3o no ritmo de imuniza\u00e7\u00e3o contra Covid-19, com mais de 70 mil pessoas agendadas para receber a vacina. Ao todo, ser\u00e3o abertos 106 postos de sa\u00fade na Capital, al\u00e9m dos outros pontos j\u00e1 em atividade, como Centro de Eventos, Castel\u00e3o, shoppings RioMar Kennedy, RioMar Papicu e North Shopping J\u00f3quei e Cucas.<\/p>\n\n\n\n<p>A expectativa \u00e9 de que, com a amplia\u00e7\u00e3o dos locais para vacina\u00e7\u00e3o, a log\u00edstica tamb\u00e9m seja aprimorada para o agendamento dos cadastrados. Segundo o coordenador da Rede de Aten\u00e7\u00e3o Prim\u00e1ria e Psicossocial da Prefeitura de Fortaleza, Erlemus Soares, a maior estrutura somada ao maior n\u00famero de doses traz agora a possibilidade de cada pessoa ser vacinada mais pr\u00f3xima de seu endere\u00e7o residencial.<\/p>\n\n\n\n<p>&#8220;A gente iniciou uma campanha com 5 ou 6 pontos de vacina\u00e7\u00e3o. Hoje, n\u00f3s estamos com 113. Ent\u00e3o a gente est\u00e1 levando a vacina\u00e7\u00e3o para mais pr\u00f3ximo de casa, utilizando nossa grande e vasta rede de aten\u00e7\u00e3o prim\u00e1ria&#8221;, disse em entrevista \u00e0 TV Verdes Mares.<\/p>\n\n\n\n<p>Atualmente, a Capital cumpre a vacina\u00e7\u00e3o de pessoas nascidas na d\u00e9cada de 1980, com agendamento para o pr\u00f3ximo fim de semana at\u00e9 de pessoas nascidas em 1985. Com o andar intensificado, a expectativa \u00e9 de que se inicie o agendamento da popula\u00e7\u00e3o a partir dos 30 anos em breve.<\/p>\n\n\n\n<p>Para a secret\u00e1ria executiva de Vigil\u00e2ncia e Regula\u00e7\u00e3o da Secretaria da Sa\u00fade do Cear\u00e1 (Sesa), Magda Almeida, o Cear\u00e1 tem tudo para se tornar um dos primeiros estados com 100% da popula\u00e7\u00e3o adulta vacinada. Atualmente, o Estado conta com 519 mil doses de vacina contra a Covid-19 encaminhadas para os munic\u00edpios. &#8220;At\u00e9 o final de agosto, vamos vacinar 100% da popula\u00e7\u00e3o adulta cadastrada no Sa\u00fade Digital&#8221;, disse.<\/p>\n\n\n\n<figure class=\"wp-block-image size-large\"><img loading=\"lazy\" decoding=\"async\" width=\"723\" height=\"424\" src=\"https:\/\/blogdorogeriogomes.com.br\/wp-content\/uploads\/2021\/06\/images-62.jpeg\" alt=\"\" class=\"wp-image-21726\" srcset=\"https:\/\/blogdorogeriogomes.com.br\/noticias\/wp-content\/uploads\/2021\/06\/images-62.jpeg 723w, https:\/\/blogdorogeriogomes.com.br\/noticias\/wp-content\/uploads\/2021\/06\/images-62-300x176.jpeg 300w\" sizes=\"auto, (max-width: 723px) 100vw, 723px\" \/><\/figure>\n","protected":false},"excerpt":{"rendered":"<p>No pr\u00f3ximo s\u00e1bado, dia 26 de junho, Fortaleza ter\u00e1 uma forte intensifica\u00e7\u00e3o no ritmo de imuniza\u00e7\u00e3o contra Covid-19, com mais de 70 mil pessoas agendadas para receber a vacina. Ao todo, ser\u00e3o abertos 106 postos de sa\u00fade na Capital, al\u00e9m dos outros pontos j\u00e1 em atividade, como Centro de Eventos, Castel\u00e3o, shoppings RioMar Kennedy, RioMar Papicu e North Shopping J\u00f3quei e Cucas. A expectativa \u00e9 de que, com a amplia\u00e7\u00e3o dos locais para vacina\u00e7\u00e3o, a log\u00edstica tamb\u00e9m seja aprimorada&hellip;<\/p>\n","protected":false},"author":1,"featured_media":21726,"comment_status":"open","ping_status":"open","sticky":false,"template":"","format":"standard","meta":{"footnotes":""},"categories":[1],"tags":[],"class_list":["post-21725","post","type-post","status-publish","format-standard","has-post-thumbnail","hentry","category-noticias"],"_links":{"self":[{"href":"https:\/\/blogdorogeriogomes.com.br\/noticias\/wp-json\/wp\/v2\/posts\/21725","targetHints":{"allow":["GET"]}}],"collection":[{"href":"https:\/\/blogdorogeriogomes.com.br\/noticias\/wp-json\/wp\/v2\/posts"}],"about":[{"href":"https:\/\/blogdorogeriogomes.com.br\/noticias\/wp-json\/wp\/v2\/types\/post"}],"author":[{"embeddable":true,"href":"https:\/\/blogdorogeriogomes.com.br\/noticias\/wp-json\/wp\/v2\/users\/1"}],"replies":[{"embeddable":true,"href":"https:\/\/blogdorogeriogomes.com.br\/noticias\/wp-json\/wp\/v2\/comments?post=21725"}],"version-history":[{"count":1,"href":"https:\/\/blogdorogeriogomes.com.br\/noticias\/wp-json\/wp\/v2\/posts\/21725\/revisions"}],"predecessor-version":[{"id":21727,"href":"https:\/\/blogdorogeriogomes.com.br\/noticias\/wp-json\/wp\/v2\/posts\/21725\/revisions\/21727"}],"wp:featuredmedia":[{"embeddable":true,"href":"https:\/\/blogdorogeriogomes.com.br\/noticias\/wp-json\/wp\/v2\/media\/21726"}],"wp:attachment":[{"href":"https:\/\/blogdorogeriogomes.com.br\/noticias\/wp-json\/wp\/v2\/media?parent=21725"}],"wp:term":[{"taxonomy":"category","embeddable":true,"href":"https:\/\/blogdorogeriogomes.com.br\/noticias\/wp-json\/wp\/v2\/categories?post=21725"},{"taxonomy":"post_tag","embeddable":true,"href":"https:\/\/blogdorogeriogomes.com.br\/noticias\/wp-json\/wp\/v2\/tags?post=21725"}],"curies":[{"name":"wp","href":"https:\/\/api.w.org\/{rel}","templated":true}]}}