{"id":21728,"date":"2021-06-23T00:08:58","date_gmt":"2021-06-23T00:08:58","guid":{"rendered":"https:\/\/blogdorogeriogomes.com.br\/?p=21728"},"modified":"2021-06-24T11:54:05","modified_gmt":"2021-06-24T11:54:05","slug":"presidente-da-fiec-discute-pacto-contra-pandemia-com-presidente-da-al-e-deputados-estaduais","status":"publish","type":"post","link":"https:\/\/blogdorogeriogomes.com.br\/noticias\/2021\/06\/presidente-da-fiec-discute-pacto-contra-pandemia-com-presidente-da-al-e-deputados-estaduais\/","title":{"rendered":"Presidente da Fiec discute pacto contra pandemia com presidente da AL  e deputados estaduais"},"content":{"rendered":"\n<p>O presidente da Federa\u00e7\u00e3o das Ind\u00fastrias do Estado do Cear\u00e1 (FIEC), Ricardo Cavalcante, recebeu o presidente da Assembleia Legislativa do Cear\u00e1, Evandro Leit\u00e3o e os deputados estaduais Bruno Pedrosa (PP), George Lima (PV); Jeov\u00e1 Mota (PDT), J\u00falio C\u00e9sar (Cidadania), Osmar Baquit (PDT), Salmito Filho (PDT), S\u00e9rgio Aguiar (PDT) e Augusta Brito (PCdoB), para discutir o apoio industrial ao pacto a favor da imuniza\u00e7\u00e3o de todos os cearenses contra Covid-19, estreitamento dos la\u00e7os entre as Institui\u00e7\u00f5es para a acelera\u00e7\u00e3o do desenvolvimento econ\u00f4mico sustent\u00e1vel, al\u00e9m das oportunidades advindas do Hub do Hidrog\u00eanio Verde e o Observat\u00f3rio da Ind\u00fastria. <\/p>\n\n\n\n<p>\u201cPara n\u00f3s \u00e9 muito importante contar com a presen\u00e7a do Presidente Evandro Leit\u00e3o e dos Deputados convidados. Entendemos que a COVID-19 ainda n\u00e3o acabou. Embora muito tenha sido feito pelo Governador, sabemos que n\u00e3o podemos baixar a guardar. A Ind\u00fastria apoia as a\u00e7\u00f5es de combate \u00e0 doen\u00e7a, pois acredita que cada vida salva conta\u201d, declarou Ricardo Cavalcante.<\/p>\n\n\n\n<p>O Presidente da FIEC compartilhou tamb\u00e9m as oportunidades advindas com o Hub do Hidrog\u00eanio Verde e aproveitou para refor\u00e7ar os v\u00ednculos entre a Ind\u00fastria e o Poder Legislativo. \u201cVoc\u00eas t\u00eam uma possibilidade \u00fanica de ajudar nossa economia, em aprovar legisla\u00e7\u00f5es a favor da Ind\u00fastria e da popula\u00e7\u00e3o para promover o desenvolvimento do Cear\u00e1\u201d, destacou.<\/p>\n\n\n\n<p>Evandro Leit\u00e3o agradeceu o convite lembrando que a Ind\u00fastria \u00e9 um dos grandes geradores de emprego e que a Assembleia est\u00e1 sempre de portas abertas para ouvir as necessidades do setor. \u201cEstamos aqui para sermos parceiros do setor produtivo do Cear\u00e1 e da FIEC, na medida em que toda e qualquer Mensagem que chegue ao parlamento, tenho obriga\u00e7\u00e3o de chamar o segmento produtivo para discutir e, assim, tem sido feito\u201d, completou.<\/p>\n\n\n\n<figure class=\"wp-block-image size-large\"><img loading=\"lazy\" decoding=\"async\" width=\"1024\" height=\"682\" src=\"https:\/\/blogdorogeriogomes.com.br\/wp-content\/uploads\/2021\/06\/IMG-20210622-WA0087.jpg\" alt=\"\" class=\"wp-image-21729\" srcset=\"https:\/\/blogdorogeriogomes.com.br\/noticias\/wp-content\/uploads\/2021\/06\/IMG-20210622-WA0087.jpg 1024w, https:\/\/blogdorogeriogomes.com.br\/noticias\/wp-content\/uploads\/2021\/06\/IMG-20210622-WA0087-300x200.jpg 300w, https:\/\/blogdorogeriogomes.com.br\/noticias\/wp-content\/uploads\/2021\/06\/IMG-20210622-WA0087-768x512.jpg 768w, https:\/\/blogdorogeriogomes.com.br\/noticias\/wp-content\/uploads\/2021\/06\/IMG-20210622-WA0087-800x533.jpg 800w\" sizes=\"auto, (max-width: 1024px) 100vw, 1024px\" \/><\/figure>\n\n\n\n<p><\/p>\n","protected":false},"excerpt":{"rendered":"<p>O presidente da Federa\u00e7\u00e3o das Ind\u00fastrias do Estado do Cear\u00e1 (FIEC), Ricardo Cavalcante, recebeu o presidente da Assembleia Legislativa do Cear\u00e1, Evandro Leit\u00e3o e os deputados estaduais Bruno Pedrosa (PP), George Lima (PV); Jeov\u00e1 Mota (PDT), J\u00falio C\u00e9sar (Cidadania), Osmar Baquit (PDT), Salmito Filho (PDT), S\u00e9rgio Aguiar (PDT) e Augusta Brito (PCdoB), para discutir o apoio industrial ao pacto a favor da imuniza\u00e7\u00e3o de todos os cearenses contra Covid-19, estreitamento dos la\u00e7os entre as Institui\u00e7\u00f5es para a acelera\u00e7\u00e3o do&hellip;<\/p>\n","protected":false},"author":1,"featured_media":21729,"comment_status":"open","ping_status":"open","sticky":false,"template":"","format":"standard","meta":{"footnotes":""},"categories":[1],"tags":[],"class_list":["post-21728","post","type-post","status-publish","format-standard","has-post-thumbnail","hentry","category-noticias"],"_links":{"self":[{"href":"https:\/\/blogdorogeriogomes.com.br\/noticias\/wp-json\/wp\/v2\/posts\/21728","targetHints":{"allow":["GET"]}}],"collection":[{"href":"https:\/\/blogdorogeriogomes.com.br\/noticias\/wp-json\/wp\/v2\/posts"}],"about":[{"href":"https:\/\/blogdorogeriogomes.com.br\/noticias\/wp-json\/wp\/v2\/types\/post"}],"author":[{"embeddable":true,"href":"https:\/\/blogdorogeriogomes.com.br\/noticias\/wp-json\/wp\/v2\/users\/1"}],"replies":[{"embeddable":true,"href":"https:\/\/blogdorogeriogomes.com.br\/noticias\/wp-json\/wp\/v2\/comments?post=21728"}],"version-history":[{"count":1,"href":"https:\/\/blogdorogeriogomes.com.br\/noticias\/wp-json\/wp\/v2\/posts\/21728\/revisions"}],"predecessor-version":[{"id":21730,"href":"https:\/\/blogdorogeriogomes.com.br\/noticias\/wp-json\/wp\/v2\/posts\/21728\/revisions\/21730"}],"wp:featuredmedia":[{"embeddable":true,"href":"https:\/\/blogdorogeriogomes.com.br\/noticias\/wp-json\/wp\/v2\/media\/21729"}],"wp:attachment":[{"href":"https:\/\/blogdorogeriogomes.com.br\/noticias\/wp-json\/wp\/v2\/media?parent=21728"}],"wp:term":[{"taxonomy":"category","embeddable":true,"href":"https:\/\/blogdorogeriogomes.com.br\/noticias\/wp-json\/wp\/v2\/categories?post=21728"},{"taxonomy":"post_tag","embeddable":true,"href":"https:\/\/blogdorogeriogomes.com.br\/noticias\/wp-json\/wp\/v2\/tags?post=21728"}],"curies":[{"name":"wp","href":"https:\/\/api.w.org\/{rel}","templated":true}]}}