{"id":21731,"date":"2021-06-23T00:20:42","date_gmt":"2021-06-23T00:20:42","guid":{"rendered":"https:\/\/blogdorogeriogomes.com.br\/?p=21731"},"modified":"2021-06-24T11:53:19","modified_gmt":"2021-06-24T11:53:19","slug":"fortaleza-tera-tres-novos-terminais-abertos-de-onibus-ate-o-fim-de-2021","status":"publish","type":"post","link":"https:\/\/blogdorogeriogomes.com.br\/noticias\/2021\/06\/fortaleza-tera-tres-novos-terminais-abertos-de-onibus-ate-o-fim-de-2021\/","title":{"rendered":"Fortaleza ter\u00e1 tr\u00eas novos terminais abertos de \u00f4nibus at\u00e9 o fim de 2021"},"content":{"rendered":"\n<p>O terminal de \u00f4nibus aberto da Avenida Washington Soares, em Fortaleza, deve ser entregue at\u00e9 julho, conforme informou o prefeito Jos\u00e9 Sarto nesta ter\u00e7a-feira, dia 22 de junho, durante visita \u00e0s obras do local.<br>O equipamento que vai beneficiar usu\u00e1rios do transporte p\u00fablico que circulam pelos bairros Jos\u00e9 de Alencar, Cambeba, Messejana, Curi\u00f3 e adjac\u00eancias, est\u00e1 localizado entre as ruas Ol\u00edmpio Leite e Esmerino Parente e deve integrar 13 linhas de \u00f4nibus, no total.<br>O Terminal Aberto ter\u00e1 600 m\u00b2 de \u00e1rea, com quatro plataformas cobertas para embarque e desembarque, pontos de autoatendimento do bilhete \u00fanico e postos da Guarda Municipal de Fortaleza, al\u00e9m de banheiros e quiosques de alimenta\u00e7\u00e3o.<br>O investimento na obra, executada pela Secretaria Municipal da Infraestrutura (Seinf), \u00e9 de cerca de R$ 4 milh\u00f5es.<br>Tamb\u00e9m est\u00e3o em constru\u00e7\u00e3o os Terminais da Pra\u00e7a Cora\u00e7\u00e3o de Jesus e do bairro Jos\u00e9 Walter, que, segundo o prefeito, devem ser entregues ainda este ano e ir\u00e3o beneficiar cerca de 269 mil pessoas.<\/p>\n\n\n\n<figure class=\"wp-block-image size-large\"><img loading=\"lazy\" decoding=\"async\" width=\"723\" height=\"424\" src=\"https:\/\/blogdorogeriogomes.com.br\/wp-content\/uploads\/2021\/06\/IMG-20210622-WA0100.jpg\" alt=\"\" class=\"wp-image-21732\" srcset=\"https:\/\/blogdorogeriogomes.com.br\/noticias\/wp-content\/uploads\/2021\/06\/IMG-20210622-WA0100.jpg 723w, https:\/\/blogdorogeriogomes.com.br\/noticias\/wp-content\/uploads\/2021\/06\/IMG-20210622-WA0100-300x176.jpg 300w\" sizes=\"auto, (max-width: 723px) 100vw, 723px\" \/><\/figure>\n","protected":false},"excerpt":{"rendered":"<p>O terminal de \u00f4nibus aberto da Avenida Washington Soares, em Fortaleza, deve ser entregue at\u00e9 julho, conforme informou o prefeito Jos\u00e9 Sarto nesta ter\u00e7a-feira, dia 22 de junho, durante visita \u00e0s obras do local.O equipamento que vai beneficiar usu\u00e1rios do transporte p\u00fablico que circulam pelos bairros Jos\u00e9 de Alencar, Cambeba, Messejana, Curi\u00f3 e adjac\u00eancias, est\u00e1 localizado entre as ruas Ol\u00edmpio Leite e Esmerino Parente e deve integrar 13 linhas de \u00f4nibus, no total.O Terminal Aberto ter\u00e1 600 m\u00b2 de&hellip;<\/p>\n","protected":false},"author":1,"featured_media":21732,"comment_status":"open","ping_status":"open","sticky":false,"template":"","format":"standard","meta":{"footnotes":""},"categories":[1],"tags":[],"class_list":["post-21731","post","type-post","status-publish","format-standard","has-post-thumbnail","hentry","category-noticias"],"_links":{"self":[{"href":"https:\/\/blogdorogeriogomes.com.br\/noticias\/wp-json\/wp\/v2\/posts\/21731","targetHints":{"allow":["GET"]}}],"collection":[{"href":"https:\/\/blogdorogeriogomes.com.br\/noticias\/wp-json\/wp\/v2\/posts"}],"about":[{"href":"https:\/\/blogdorogeriogomes.com.br\/noticias\/wp-json\/wp\/v2\/types\/post"}],"author":[{"embeddable":true,"href":"https:\/\/blogdorogeriogomes.com.br\/noticias\/wp-json\/wp\/v2\/users\/1"}],"replies":[{"embeddable":true,"href":"https:\/\/blogdorogeriogomes.com.br\/noticias\/wp-json\/wp\/v2\/comments?post=21731"}],"version-history":[{"count":1,"href":"https:\/\/blogdorogeriogomes.com.br\/noticias\/wp-json\/wp\/v2\/posts\/21731\/revisions"}],"predecessor-version":[{"id":21733,"href":"https:\/\/blogdorogeriogomes.com.br\/noticias\/wp-json\/wp\/v2\/posts\/21731\/revisions\/21733"}],"wp:featuredmedia":[{"embeddable":true,"href":"https:\/\/blogdorogeriogomes.com.br\/noticias\/wp-json\/wp\/v2\/media\/21732"}],"wp:attachment":[{"href":"https:\/\/blogdorogeriogomes.com.br\/noticias\/wp-json\/wp\/v2\/media?parent=21731"}],"wp:term":[{"taxonomy":"category","embeddable":true,"href":"https:\/\/blogdorogeriogomes.com.br\/noticias\/wp-json\/wp\/v2\/categories?post=21731"},{"taxonomy":"post_tag","embeddable":true,"href":"https:\/\/blogdorogeriogomes.com.br\/noticias\/wp-json\/wp\/v2\/tags?post=21731"}],"curies":[{"name":"wp","href":"https:\/\/api.w.org\/{rel}","templated":true}]}}