{"id":21741,"date":"2021-06-23T20:02:18","date_gmt":"2021-06-23T20:02:18","guid":{"rendered":"https:\/\/blogdorogeriogomes.com.br\/?p=21741"},"modified":"2021-06-24T11:52:26","modified_gmt":"2021-06-24T11:52:26","slug":"governo-do-estado-anuncia-concurso-com-seis-mil-vagas-para-profissionais-de-saude","status":"publish","type":"post","link":"https:\/\/blogdorogeriogomes.com.br\/noticias\/2021\/06\/governo-do-estado-anuncia-concurso-com-seis-mil-vagas-para-profissionais-de-saude\/","title":{"rendered":"Governo do Estado anuncia concurso com seis mil vagas para profissionais de sa\u00fade"},"content":{"rendered":"\n<p>O Governo do Cear\u00e1, por meio da Secretaria da Sa\u00fade do Cear\u00e1 (Sesa), anunciou nesta quarta-feira, dia 23 de junho, o concurso p\u00fablico destinado a profissionas da sa\u00fade. A informa\u00e7\u00e3o foi divulgada pelo governador Camilo Santana (PT) e pelo secret\u00e1rio da Sa\u00fade, Dr. Cabeto, em transmiss\u00e3o ao vivo nas redes sociais. O edital ser\u00e1 publicado nesta quinta-feira, dia 24.<\/p>\n\n\n\n<p>A sele\u00e7\u00e3o envolve ao todo 6 mil vagas, com 5.581 vagas para trabalho assistencial, 419 para \u00e1rea admnistrativa e 79 para m\u00e9dicos especialistas. Os profissionais ser\u00e3o integrados \u00e0 Funda\u00e7\u00e3o de Sa\u00fade do Cear\u00e1 (Funsa\u00fade) e atuar\u00e3o em hospitais e centros da rede estadual. Os sal\u00e1rios v\u00e3o at\u00e9 R$ 23 mil. As inscri\u00e7\u00f5es estar\u00e3o abertas entre 5 de julho e 12 de agosto.&nbsp;<\/p>\n\n\n\n<p>A realiza\u00e7\u00e3o da prova objetiva est\u00e1 agendada para o dia 24 de outubro, enquanto a convoca\u00e7\u00e3o para avalia\u00e7\u00e3o de t\u00edtulos ocorrer\u00e1 no dia 6 de dezembro. O resultado final tem data de divulga\u00e7\u00e3o marcada para o dia 13 de janeiro de 2022.<\/p>\n\n\n\n<p>Os chamados ser\u00e3o direcionados ao trabalho no Hospital Geral de Fortaleza, no Hospital de Messejana, no Hospital Albert Sabin, no Hospital da UECE, na Central de Regula\u00e7\u00e3o, no Centro de Especialidades Pedi\u00e1tricas, al\u00e9m de refor\u00e7ar a rede hospitalar no Interior. Os concursados ter\u00e3o regime de contrato pela CLT, no v\u00ednculo de emprego p\u00fablico.<\/p>\n\n\n\n<figure class=\"wp-block-image size-large\"><img loading=\"lazy\" decoding=\"async\" width=\"290\" height=\"174\" src=\"https:\/\/blogdorogeriogomes.com.br\/wp-content\/uploads\/2021\/06\/images-67.jpeg\" alt=\"\" class=\"wp-image-21742\"\/><\/figure>\n","protected":false},"excerpt":{"rendered":"<p>O Governo do Cear\u00e1, por meio da Secretaria da Sa\u00fade do Cear\u00e1 (Sesa), anunciou nesta quarta-feira, dia 23 de junho, o concurso p\u00fablico destinado a profissionas da sa\u00fade. A informa\u00e7\u00e3o foi divulgada pelo governador Camilo Santana (PT) e pelo secret\u00e1rio da Sa\u00fade, Dr. Cabeto, em transmiss\u00e3o ao vivo nas redes sociais. O edital ser\u00e1 publicado nesta quinta-feira, dia 24. A sele\u00e7\u00e3o envolve ao todo 6 mil vagas, com 5.581 vagas para trabalho assistencial, 419 para \u00e1rea admnistrativa e 79&hellip;<\/p>\n","protected":false},"author":1,"featured_media":21742,"comment_status":"open","ping_status":"open","sticky":false,"template":"","format":"standard","meta":{"footnotes":""},"categories":[1],"tags":[],"class_list":["post-21741","post","type-post","status-publish","format-standard","has-post-thumbnail","hentry","category-noticias"],"_links":{"self":[{"href":"https:\/\/blogdorogeriogomes.com.br\/noticias\/wp-json\/wp\/v2\/posts\/21741","targetHints":{"allow":["GET"]}}],"collection":[{"href":"https:\/\/blogdorogeriogomes.com.br\/noticias\/wp-json\/wp\/v2\/posts"}],"about":[{"href":"https:\/\/blogdorogeriogomes.com.br\/noticias\/wp-json\/wp\/v2\/types\/post"}],"author":[{"embeddable":true,"href":"https:\/\/blogdorogeriogomes.com.br\/noticias\/wp-json\/wp\/v2\/users\/1"}],"replies":[{"embeddable":true,"href":"https:\/\/blogdorogeriogomes.com.br\/noticias\/wp-json\/wp\/v2\/comments?post=21741"}],"version-history":[{"count":1,"href":"https:\/\/blogdorogeriogomes.com.br\/noticias\/wp-json\/wp\/v2\/posts\/21741\/revisions"}],"predecessor-version":[{"id":21743,"href":"https:\/\/blogdorogeriogomes.com.br\/noticias\/wp-json\/wp\/v2\/posts\/21741\/revisions\/21743"}],"wp:featuredmedia":[{"embeddable":true,"href":"https:\/\/blogdorogeriogomes.com.br\/noticias\/wp-json\/wp\/v2\/media\/21742"}],"wp:attachment":[{"href":"https:\/\/blogdorogeriogomes.com.br\/noticias\/wp-json\/wp\/v2\/media?parent=21741"}],"wp:term":[{"taxonomy":"category","embeddable":true,"href":"https:\/\/blogdorogeriogomes.com.br\/noticias\/wp-json\/wp\/v2\/categories?post=21741"},{"taxonomy":"post_tag","embeddable":true,"href":"https:\/\/blogdorogeriogomes.com.br\/noticias\/wp-json\/wp\/v2\/tags?post=21741"}],"curies":[{"name":"wp","href":"https:\/\/api.w.org\/{rel}","templated":true}]}}