{"id":21744,"date":"2021-06-23T20:32:46","date_gmt":"2021-06-23T20:32:46","guid":{"rendered":"https:\/\/blogdorogeriogomes.com.br\/?p=21744"},"modified":"2021-06-24T11:52:18","modified_gmt":"2021-06-24T11:52:18","slug":"acaba-gestao-de-ricardo-salles-no-meio-ambiente-ministro-esta-fora-do-governo-bolsonaro","status":"publish","type":"post","link":"https:\/\/blogdorogeriogomes.com.br\/noticias\/2021\/06\/acaba-gestao-de-ricardo-salles-no-meio-ambiente-ministro-esta-fora-do-governo-bolsonaro\/","title":{"rendered":"Acaba gest\u00e3o de Ricardo Salles no Meio Ambiente. Ministro est\u00e1 fora do Governo Bolsonaro"},"content":{"rendered":"\n<p>Atolado em den\u00fancias de favorecimento de garimpeiros e madeireiros, o ministro do Meio Ambiente, Ricardo Salles, est\u00e1 fora do Governo Federal. Ele pediu demiss\u00e3o na tarde desta quarta-feira, dia 23 de junho, ao presidente da Rep\u00fablica, Jair Bolsonaro. A exonera\u00e7\u00e3o foi publicada no &#8220;Di\u00e1rio Oficial da Uni\u00e3o&#8221;. No mesmo decreto, Bolsonaro nomeou Joaquim Alvaro Pereira Leite como novo ministro do Meio Ambiente.<br>Investiga\u00e7\u00e3o da Pol\u00edcia Federal apura se Salles atuou para afrouxar o controle do Ibama sobre a exporta\u00e7\u00e3o de madeira. Ricardo Salles tamb\u00e9m \u00e9 alvo de outro inqu\u00e9rito, autorizado pela ministra do STF, C\u00e1rmen L\u00facia, que apura a suposta pr\u00e1tica de crimes com o objetivo de dificultar a fiscaliza\u00e7\u00e3o ambiental e impedir investiga\u00e7\u00e3o que envolva organiza\u00e7\u00e3o criminosa.<\/p>\n\n\n\n<figure class=\"wp-block-image size-large\"><img loading=\"lazy\" decoding=\"async\" width=\"678\" height=\"452\" src=\"https:\/\/blogdorogeriogomes.com.br\/wp-content\/uploads\/2021\/06\/images-69.jpeg\" alt=\"\" class=\"wp-image-21745\" srcset=\"https:\/\/blogdorogeriogomes.com.br\/noticias\/wp-content\/uploads\/2021\/06\/images-69.jpeg 678w, https:\/\/blogdorogeriogomes.com.br\/noticias\/wp-content\/uploads\/2021\/06\/images-69-300x200.jpeg 300w\" sizes=\"auto, (max-width: 678px) 100vw, 678px\" \/><\/figure>\n","protected":false},"excerpt":{"rendered":"<p>Atolado em den\u00fancias de favorecimento de garimpeiros e madeireiros, o ministro do Meio Ambiente, Ricardo Salles, est\u00e1 fora do Governo Federal. Ele pediu demiss\u00e3o na tarde desta quarta-feira, dia 23 de junho, ao presidente da Rep\u00fablica, Jair Bolsonaro. A exonera\u00e7\u00e3o foi publicada no &#8220;Di\u00e1rio Oficial da Uni\u00e3o&#8221;. No mesmo decreto, Bolsonaro nomeou Joaquim Alvaro Pereira Leite como novo ministro do Meio Ambiente.Investiga\u00e7\u00e3o da Pol\u00edcia Federal apura se Salles atuou para afrouxar o controle do Ibama sobre a exporta\u00e7\u00e3o de&hellip;<\/p>\n","protected":false},"author":1,"featured_media":21745,"comment_status":"open","ping_status":"open","sticky":false,"template":"","format":"standard","meta":{"footnotes":""},"categories":[1],"tags":[],"class_list":["post-21744","post","type-post","status-publish","format-standard","has-post-thumbnail","hentry","category-noticias"],"_links":{"self":[{"href":"https:\/\/blogdorogeriogomes.com.br\/noticias\/wp-json\/wp\/v2\/posts\/21744","targetHints":{"allow":["GET"]}}],"collection":[{"href":"https:\/\/blogdorogeriogomes.com.br\/noticias\/wp-json\/wp\/v2\/posts"}],"about":[{"href":"https:\/\/blogdorogeriogomes.com.br\/noticias\/wp-json\/wp\/v2\/types\/post"}],"author":[{"embeddable":true,"href":"https:\/\/blogdorogeriogomes.com.br\/noticias\/wp-json\/wp\/v2\/users\/1"}],"replies":[{"embeddable":true,"href":"https:\/\/blogdorogeriogomes.com.br\/noticias\/wp-json\/wp\/v2\/comments?post=21744"}],"version-history":[{"count":1,"href":"https:\/\/blogdorogeriogomes.com.br\/noticias\/wp-json\/wp\/v2\/posts\/21744\/revisions"}],"predecessor-version":[{"id":21746,"href":"https:\/\/blogdorogeriogomes.com.br\/noticias\/wp-json\/wp\/v2\/posts\/21744\/revisions\/21746"}],"wp:featuredmedia":[{"embeddable":true,"href":"https:\/\/blogdorogeriogomes.com.br\/noticias\/wp-json\/wp\/v2\/media\/21745"}],"wp:attachment":[{"href":"https:\/\/blogdorogeriogomes.com.br\/noticias\/wp-json\/wp\/v2\/media?parent=21744"}],"wp:term":[{"taxonomy":"category","embeddable":true,"href":"https:\/\/blogdorogeriogomes.com.br\/noticias\/wp-json\/wp\/v2\/categories?post=21744"},{"taxonomy":"post_tag","embeddable":true,"href":"https:\/\/blogdorogeriogomes.com.br\/noticias\/wp-json\/wp\/v2\/tags?post=21744"}],"curies":[{"name":"wp","href":"https:\/\/api.w.org\/{rel}","templated":true}]}}