{"id":21747,"date":"2021-06-23T20:45:36","date_gmt":"2021-06-23T20:45:36","guid":{"rendered":"https:\/\/blogdorogeriogomes.com.br\/?p=21747"},"modified":"2021-06-24T11:52:09","modified_gmt":"2021-06-24T11:52:09","slug":"stf-confirma-decisao-que-tornou-moro-parcial-em-processo-do-ex-presidente-lula","status":"publish","type":"post","link":"https:\/\/blogdorogeriogomes.com.br\/noticias\/2021\/06\/stf-confirma-decisao-que-tornou-moro-parcial-em-processo-do-ex-presidente-lula\/","title":{"rendered":"STF confirma decis\u00e3o que tornou Moro parcial em processo do ex-presidente Lula"},"content":{"rendered":"\n<p>Com os votos dos ministros Marco Aur\u00e9lio Mello e Luiz Fux, o Supremo Tribunal Federal concluiu nesta quarta-feira, dia 23 de junho, por 7 a 4 o julgamento sobre a suspei\u00e7\u00e3o do ex-juiz Sergio Moro no \u00e2mbito do processo do triplex do Guaruj\u00e1, que levou \u00e0 condena\u00e7\u00e3o e \u00e0 pris\u00e3o do ex-presidente Luiz In\u00e1cio Lula da Silva.<\/p>\n\n\n\n<p>Diante da proclama\u00e7\u00e3o do resultado, todas as medidas tomadas pelo ex-juiz Sergio Moro ser\u00e3o anuladas e o processo ter\u00e1 que ser retomado da estaca zero na Justi\u00e7a Federal de Bras\u00edlia, para onde o processo foi transferido em abril.<\/p>\n\n\n\n<p>O ex-presidente Lula comemorou o reconhecimento da suspei\u00e7\u00e3o do ex-juiz pelo STF. &nbsp;&#8220;A verdade venceu&#8221;, disse o ex-presidente no Twitter.<\/p>\n\n\n\n<figure class=\"wp-block-image size-large\"><img loading=\"lazy\" decoding=\"async\" width=\"715\" height=\"429\" src=\"https:\/\/blogdorogeriogomes.com.br\/wp-content\/uploads\/2021\/06\/images-70.jpeg\" alt=\"\" class=\"wp-image-21748\" srcset=\"https:\/\/blogdorogeriogomes.com.br\/noticias\/wp-content\/uploads\/2021\/06\/images-70.jpeg 715w, https:\/\/blogdorogeriogomes.com.br\/noticias\/wp-content\/uploads\/2021\/06\/images-70-300x180.jpeg 300w\" sizes=\"auto, (max-width: 715px) 100vw, 715px\" \/><\/figure>\n","protected":false},"excerpt":{"rendered":"<p>Com os votos dos ministros Marco Aur\u00e9lio Mello e Luiz Fux, o Supremo Tribunal Federal concluiu nesta quarta-feira, dia 23 de junho, por 7 a 4 o julgamento sobre a suspei\u00e7\u00e3o do ex-juiz Sergio Moro no \u00e2mbito do processo do triplex do Guaruj\u00e1, que levou \u00e0 condena\u00e7\u00e3o e \u00e0 pris\u00e3o do ex-presidente Luiz In\u00e1cio Lula da Silva. Diante da proclama\u00e7\u00e3o do resultado, todas as medidas tomadas pelo ex-juiz Sergio Moro ser\u00e3o anuladas e o processo ter\u00e1 que ser retomado&hellip;<\/p>\n","protected":false},"author":1,"featured_media":21748,"comment_status":"open","ping_status":"open","sticky":false,"template":"","format":"standard","meta":{"footnotes":""},"categories":[1],"tags":[],"class_list":["post-21747","post","type-post","status-publish","format-standard","has-post-thumbnail","hentry","category-noticias"],"_links":{"self":[{"href":"https:\/\/blogdorogeriogomes.com.br\/noticias\/wp-json\/wp\/v2\/posts\/21747","targetHints":{"allow":["GET"]}}],"collection":[{"href":"https:\/\/blogdorogeriogomes.com.br\/noticias\/wp-json\/wp\/v2\/posts"}],"about":[{"href":"https:\/\/blogdorogeriogomes.com.br\/noticias\/wp-json\/wp\/v2\/types\/post"}],"author":[{"embeddable":true,"href":"https:\/\/blogdorogeriogomes.com.br\/noticias\/wp-json\/wp\/v2\/users\/1"}],"replies":[{"embeddable":true,"href":"https:\/\/blogdorogeriogomes.com.br\/noticias\/wp-json\/wp\/v2\/comments?post=21747"}],"version-history":[{"count":2,"href":"https:\/\/blogdorogeriogomes.com.br\/noticias\/wp-json\/wp\/v2\/posts\/21747\/revisions"}],"predecessor-version":[{"id":21761,"href":"https:\/\/blogdorogeriogomes.com.br\/noticias\/wp-json\/wp\/v2\/posts\/21747\/revisions\/21761"}],"wp:featuredmedia":[{"embeddable":true,"href":"https:\/\/blogdorogeriogomes.com.br\/noticias\/wp-json\/wp\/v2\/media\/21748"}],"wp:attachment":[{"href":"https:\/\/blogdorogeriogomes.com.br\/noticias\/wp-json\/wp\/v2\/media?parent=21747"}],"wp:term":[{"taxonomy":"category","embeddable":true,"href":"https:\/\/blogdorogeriogomes.com.br\/noticias\/wp-json\/wp\/v2\/categories?post=21747"},{"taxonomy":"post_tag","embeddable":true,"href":"https:\/\/blogdorogeriogomes.com.br\/noticias\/wp-json\/wp\/v2\/tags?post=21747"}],"curies":[{"name":"wp","href":"https:\/\/api.w.org\/{rel}","templated":true}]}}