{"id":21750,"date":"2021-06-24T00:27:54","date_gmt":"2021-06-24T00:27:54","guid":{"rendered":"https:\/\/blogdorogeriogomes.com.br\/?p=21750"},"modified":"2021-06-24T11:51:58","modified_gmt":"2021-06-24T11:51:58","slug":"ceara-recebe-vacinas-da-janssen-pfizer-e-coronavac-nesta-semana","status":"publish","type":"post","link":"https:\/\/blogdorogeriogomes.com.br\/noticias\/2021\/06\/ceara-recebe-vacinas-da-janssen-pfizer-e-coronavac-nesta-semana\/","title":{"rendered":"Cear\u00e1 recebe vacinas da Janssen, Pfizer e CoronaVac nesta semana"},"content":{"rendered":"\n<p>O governador Camilo Santana informou que o Cear\u00e1 receber\u00e1 nesta semana mais 270 mil doses de vacinas contra a Covid-19. Onde o estado vai receber o primeiro lote da Janssen, com 61.100 doses. J\u00e1 da Pfizer ser\u00e3o 93.600 e da CoronaVac 116.200.<br>O dia e hor\u00e1rio que ir\u00e3o chegar os lotes ainda ser\u00e3o informados pelo Minist\u00e9rio da Sa\u00fade.<br>Depois de chegar \u00e0 Fortaleza, os imunizantes ser\u00e3o distribu\u00eddos para as demais cidades do Cear\u00e1.<br>O imunizante da Janssen \u00e9 aplicado em dose \u00fanica, o que possibilita uma imuniza\u00e7\u00e3o mais r\u00e1pida e \u00e9 o \u00fanico do Programa Nacional de Imuniza\u00e7\u00e3o (PNI) que necessita da aplica\u00e7\u00e3o em apenas uma etapa.<br>Al\u00e9m disso, o Cear\u00e1 tamb\u00e9m deve receber em breve as 183 mil doses da russa Sputnik V, que teve a compra excepcional liberada pela Ag\u00eancia Nacional de Vigil\u00e2ncia Sanit\u00e1ria (Anvisa).<\/p>\n\n\n\n<figure class=\"wp-block-image size-large\"><img loading=\"lazy\" decoding=\"async\" width=\"739\" height=\"415\" src=\"https:\/\/blogdorogeriogomes.com.br\/wp-content\/uploads\/2021\/06\/IMG-20210623-WA0134.jpg\" alt=\"\" class=\"wp-image-21751\" srcset=\"https:\/\/blogdorogeriogomes.com.br\/noticias\/wp-content\/uploads\/2021\/06\/IMG-20210623-WA0134.jpg 739w, https:\/\/blogdorogeriogomes.com.br\/noticias\/wp-content\/uploads\/2021\/06\/IMG-20210623-WA0134-300x168.jpg 300w\" sizes=\"auto, (max-width: 739px) 100vw, 739px\" \/><\/figure>\n","protected":false},"excerpt":{"rendered":"<p>O governador Camilo Santana informou que o Cear\u00e1 receber\u00e1 nesta semana mais 270 mil doses de vacinas contra a Covid-19. Onde o estado vai receber o primeiro lote da Janssen, com 61.100 doses. J\u00e1 da Pfizer ser\u00e3o 93.600 e da CoronaVac 116.200.O dia e hor\u00e1rio que ir\u00e3o chegar os lotes ainda ser\u00e3o informados pelo Minist\u00e9rio da Sa\u00fade.Depois de chegar \u00e0 Fortaleza, os imunizantes ser\u00e3o distribu\u00eddos para as demais cidades do Cear\u00e1.O imunizante da Janssen \u00e9 aplicado em dose \u00fanica,&hellip;<\/p>\n","protected":false},"author":1,"featured_media":21751,"comment_status":"open","ping_status":"open","sticky":false,"template":"","format":"standard","meta":{"footnotes":""},"categories":[1],"tags":[],"class_list":["post-21750","post","type-post","status-publish","format-standard","has-post-thumbnail","hentry","category-noticias"],"_links":{"self":[{"href":"https:\/\/blogdorogeriogomes.com.br\/noticias\/wp-json\/wp\/v2\/posts\/21750","targetHints":{"allow":["GET"]}}],"collection":[{"href":"https:\/\/blogdorogeriogomes.com.br\/noticias\/wp-json\/wp\/v2\/posts"}],"about":[{"href":"https:\/\/blogdorogeriogomes.com.br\/noticias\/wp-json\/wp\/v2\/types\/post"}],"author":[{"embeddable":true,"href":"https:\/\/blogdorogeriogomes.com.br\/noticias\/wp-json\/wp\/v2\/users\/1"}],"replies":[{"embeddable":true,"href":"https:\/\/blogdorogeriogomes.com.br\/noticias\/wp-json\/wp\/v2\/comments?post=21750"}],"version-history":[{"count":1,"href":"https:\/\/blogdorogeriogomes.com.br\/noticias\/wp-json\/wp\/v2\/posts\/21750\/revisions"}],"predecessor-version":[{"id":21752,"href":"https:\/\/blogdorogeriogomes.com.br\/noticias\/wp-json\/wp\/v2\/posts\/21750\/revisions\/21752"}],"wp:featuredmedia":[{"embeddable":true,"href":"https:\/\/blogdorogeriogomes.com.br\/noticias\/wp-json\/wp\/v2\/media\/21751"}],"wp:attachment":[{"href":"https:\/\/blogdorogeriogomes.com.br\/noticias\/wp-json\/wp\/v2\/media?parent=21750"}],"wp:term":[{"taxonomy":"category","embeddable":true,"href":"https:\/\/blogdorogeriogomes.com.br\/noticias\/wp-json\/wp\/v2\/categories?post=21750"},{"taxonomy":"post_tag","embeddable":true,"href":"https:\/\/blogdorogeriogomes.com.br\/noticias\/wp-json\/wp\/v2\/tags?post=21750"}],"curies":[{"name":"wp","href":"https:\/\/api.w.org\/{rel}","templated":true}]}}