{"id":21753,"date":"2021-06-24T10:04:07","date_gmt":"2021-06-24T10:04:07","guid":{"rendered":"https:\/\/blogdorogeriogomes.com.br\/?p=21753"},"modified":"2021-06-24T11:51:47","modified_gmt":"2021-06-24T11:51:47","slug":"vereadores-de-fortaleza-aprovam-projeto-que-prorrogam-idade-veicular-para-transporte-por-aplicativo","status":"publish","type":"post","link":"https:\/\/blogdorogeriogomes.com.br\/noticias\/2021\/06\/vereadores-de-fortaleza-aprovam-projeto-que-prorrogam-idade-veicular-para-transporte-por-aplicativo\/","title":{"rendered":"Vereadores de Fortaleza aprovam projeto que prorrogam idade veicular para transporte por aplicativo"},"content":{"rendered":"\n<p>A C\u00e2mara Municipal de Fortaleza aprovou, nesta quarta-feira, dia 23 de junho, o projeto enviado pela Prefeitura da Capital que permite mudan\u00e7as na legisla\u00e7\u00e3o de transporte por aplicativo na Capital.&nbsp;Foi prorrogado a idade veicular dos transportes e fixado percentual de partilha dos valores das corridas entre os motoristas e as empresas de aplicativo. Carros fabricados a partir de 2013 poder\u00e3o rodar nos aplicativos de transporte at\u00e9 o dia 31 de janeiro de 2022.&nbsp;Ve\u00edculos com mais de oito anos de fabrica\u00e7\u00e3o dever\u00e3o passar por uma nova vistoria na Empresa de Transporte Urbano de Fortaleza (Etufor) para voltar a circular.<\/p>\n\n\n\n<p>Quando sancionada pelo prefeito Jos\u00e9 Sarto (PDT), a medida deve beneficiar cerca de 30 mil condutores. Outra medida aprovada na C\u00e2mara Municipal \u00e9 a de que a parcela do valor repassada pelo motorista de cada viagem destinada aos aplicativos n\u00e3o exceda 25% do pre\u00e7o pago pelo cliente.&nbsp;<\/p>\n\n\n\n<figure class=\"wp-block-image size-large\"><img loading=\"lazy\" decoding=\"async\" width=\"800\" height=\"450\" src=\"https:\/\/blogdorogeriogomes.com.br\/wp-content\/uploads\/2021\/06\/Camara-de-Fortaleza.jpg\" alt=\"\" class=\"wp-image-21754\" srcset=\"https:\/\/blogdorogeriogomes.com.br\/noticias\/wp-content\/uploads\/2021\/06\/Camara-de-Fortaleza.jpg 800w, https:\/\/blogdorogeriogomes.com.br\/noticias\/wp-content\/uploads\/2021\/06\/Camara-de-Fortaleza-300x169.jpg 300w, https:\/\/blogdorogeriogomes.com.br\/noticias\/wp-content\/uploads\/2021\/06\/Camara-de-Fortaleza-768x432.jpg 768w\" sizes=\"auto, (max-width: 800px) 100vw, 800px\" \/><\/figure>\n\n\n\n<p><\/p>\n","protected":false},"excerpt":{"rendered":"<p>A C\u00e2mara Municipal de Fortaleza aprovou, nesta quarta-feira, dia 23 de junho, o projeto enviado pela Prefeitura da Capital que permite mudan\u00e7as na legisla\u00e7\u00e3o de transporte por aplicativo na Capital.&nbsp;Foi prorrogado a idade veicular dos transportes e fixado percentual de partilha dos valores das corridas entre os motoristas e as empresas de aplicativo. Carros fabricados a partir de 2013 poder\u00e3o rodar nos aplicativos de transporte at\u00e9 o dia 31 de janeiro de 2022.&nbsp;Ve\u00edculos com mais de oito anos de&hellip;<\/p>\n","protected":false},"author":1,"featured_media":21754,"comment_status":"open","ping_status":"open","sticky":false,"template":"","format":"standard","meta":{"footnotes":""},"categories":[1],"tags":[],"class_list":["post-21753","post","type-post","status-publish","format-standard","has-post-thumbnail","hentry","category-noticias"],"_links":{"self":[{"href":"https:\/\/blogdorogeriogomes.com.br\/noticias\/wp-json\/wp\/v2\/posts\/21753","targetHints":{"allow":["GET"]}}],"collection":[{"href":"https:\/\/blogdorogeriogomes.com.br\/noticias\/wp-json\/wp\/v2\/posts"}],"about":[{"href":"https:\/\/blogdorogeriogomes.com.br\/noticias\/wp-json\/wp\/v2\/types\/post"}],"author":[{"embeddable":true,"href":"https:\/\/blogdorogeriogomes.com.br\/noticias\/wp-json\/wp\/v2\/users\/1"}],"replies":[{"embeddable":true,"href":"https:\/\/blogdorogeriogomes.com.br\/noticias\/wp-json\/wp\/v2\/comments?post=21753"}],"version-history":[{"count":2,"href":"https:\/\/blogdorogeriogomes.com.br\/noticias\/wp-json\/wp\/v2\/posts\/21753\/revisions"}],"predecessor-version":[{"id":21760,"href":"https:\/\/blogdorogeriogomes.com.br\/noticias\/wp-json\/wp\/v2\/posts\/21753\/revisions\/21760"}],"wp:featuredmedia":[{"embeddable":true,"href":"https:\/\/blogdorogeriogomes.com.br\/noticias\/wp-json\/wp\/v2\/media\/21754"}],"wp:attachment":[{"href":"https:\/\/blogdorogeriogomes.com.br\/noticias\/wp-json\/wp\/v2\/media?parent=21753"}],"wp:term":[{"taxonomy":"category","embeddable":true,"href":"https:\/\/blogdorogeriogomes.com.br\/noticias\/wp-json\/wp\/v2\/categories?post=21753"},{"taxonomy":"post_tag","embeddable":true,"href":"https:\/\/blogdorogeriogomes.com.br\/noticias\/wp-json\/wp\/v2\/tags?post=21753"}],"curies":[{"name":"wp","href":"https:\/\/api.w.org\/{rel}","templated":true}]}}