{"id":21766,"date":"2021-06-24T18:40:08","date_gmt":"2021-06-24T18:40:08","guid":{"rendered":"https:\/\/blogdorogeriogomes.com.br\/?p=21766"},"modified":"2021-06-25T09:59:49","modified_gmt":"2021-06-25T09:59:49","slug":"grandes-debates-da-al-em-junho-sera-sobre-direitos-do-movimento-lgbtqi","status":"publish","type":"post","link":"https:\/\/blogdorogeriogomes.com.br\/noticias\/2021\/06\/grandes-debates-da-al-em-junho-sera-sobre-direitos-do-movimento-lgbtqi\/","title":{"rendered":"Grandes Debates da AL em junho ser\u00e1 sobre direitos do Movimento LGBTQI+"},"content":{"rendered":"\n<p>28 de junho \u00e9 o Dia Internacional do Orgulho LGBT. Importante movimento social presente em todo o mundo, o Movimento LGBT ainda encontra muitos obst\u00e1culos frente aos governos e \u00e0 sociedade civil para conseguir garantir os direitos mais b\u00e1sicos para as L\u00e9sbicas, Gays, Bissexuais e Transg\u00eaneros. O assunto ser\u00e1 abordado na pr\u00f3xima edi\u00e7\u00e3o do \u201cGrandes Debates \u2013 Parlamento Protagonista\u201d deste m\u00eas, em 29 de junho, com a participa\u00e7\u00e3o das advogadas Luanna Marley e Ananda Puchta, especialistas no tema, do deputado estadual Renato Roseno (PSOL), e da jornalista Mara Beatriz, representante do Movimento M\u00e3es pela Diversidade. O debate \u00e9 uma realiza\u00e7\u00e3o da Assembleia Legislativa do estado do Cear\u00e1, por meio do Conselho de Altos Estudos, e ser\u00e1 exibido \u00e0s 21 horas, pela TV Assembleia, R\u00e1dio Assembleia FM e redes sociais da casa.<\/p>\n\n\n\n<p>A sociedade ainda lida com quest\u00f5es como o preconceito contra a orienta\u00e7\u00e3o sexual das pessoas. A mais s\u00e9ria delas \u00e9 a viol\u00eancia que faz v\u00edtimas com frequ\u00eancia, inclusive fatais. Nesse sentido, o Movimento LGBT luta por pautas importantes para a sociedade, no enfrentamento ao preconceito e na busca da igualdade social, seja por meio da conscientiza\u00e7\u00e3o das pessoas contra bifobia, homofobia, lesbofobia e transfobia, diante do crescimento da representatividade das pessoas LGBT nos mais diversos setores da sociedade civil.<\/p>\n\n\n\n<p>O debate deste m\u00eas traz especialistas para falar sobre os avan\u00e7os e desafios no enfrentamento das dificuldades das pessoas que se identificam como L\u00e9sbicas, Gays, Bissexuais e Transg\u00eaneros, seus direitos sociais e como ter acesso a estes. As principais pautas podem diferir, por contextos sociais e pol\u00edticos de cada pa\u00eds, mas alguns objetivos s\u00e3o comuns: o rep\u00fadio \u00e0 criminaliza\u00e7\u00e3o da LGBTfobia; reconhecimento social da identidade de g\u00eanero; fim do tratamento das identidades trans como patologias; fim dos tratamentos de \u201ccura gay\u201d; casamento civil igualit\u00e1rio; permiss\u00e3o para casais homoafetivos adotarem crian\u00e7as; respeito \u00e0 laicidade do Estado e fim da influ\u00eancia religiosa nos processos pol\u00edticos; pol\u00edticas p\u00fablicas pelo fim da discrimina\u00e7\u00e3o; e fim dos estere\u00f3tipos LGBT na m\u00eddia e representatividade da comunidade nos meios de comunica\u00e7\u00e3o.<br><\/p>\n\n\n\n<figure class=\"wp-block-image size-large\"><img loading=\"lazy\" decoding=\"async\" width=\"750\" height=\"400\" src=\"https:\/\/blogdorogeriogomes.com.br\/wp-content\/uploads\/2021\/06\/images-72.jpeg\" alt=\"\" class=\"wp-image-21767\" srcset=\"https:\/\/blogdorogeriogomes.com.br\/noticias\/wp-content\/uploads\/2021\/06\/images-72.jpeg 750w, https:\/\/blogdorogeriogomes.com.br\/noticias\/wp-content\/uploads\/2021\/06\/images-72-300x160.jpeg 300w\" sizes=\"auto, (max-width: 750px) 100vw, 750px\" \/><\/figure>\n","protected":false},"excerpt":{"rendered":"<p>28 de junho \u00e9 o Dia Internacional do Orgulho LGBT. Importante movimento social presente em todo o mundo, o Movimento LGBT ainda encontra muitos obst\u00e1culos frente aos governos e \u00e0 sociedade civil para conseguir garantir os direitos mais b\u00e1sicos para as L\u00e9sbicas, Gays, Bissexuais e Transg\u00eaneros. O assunto ser\u00e1 abordado na pr\u00f3xima edi\u00e7\u00e3o do \u201cGrandes Debates \u2013 Parlamento Protagonista\u201d deste m\u00eas, em 29 de junho, com a participa\u00e7\u00e3o das advogadas Luanna Marley e Ananda Puchta, especialistas no tema, do&hellip;<\/p>\n","protected":false},"author":1,"featured_media":21767,"comment_status":"open","ping_status":"open","sticky":false,"template":"","format":"standard","meta":{"footnotes":""},"categories":[1],"tags":[],"class_list":["post-21766","post","type-post","status-publish","format-standard","has-post-thumbnail","hentry","category-noticias"],"_links":{"self":[{"href":"https:\/\/blogdorogeriogomes.com.br\/noticias\/wp-json\/wp\/v2\/posts\/21766","targetHints":{"allow":["GET"]}}],"collection":[{"href":"https:\/\/blogdorogeriogomes.com.br\/noticias\/wp-json\/wp\/v2\/posts"}],"about":[{"href":"https:\/\/blogdorogeriogomes.com.br\/noticias\/wp-json\/wp\/v2\/types\/post"}],"author":[{"embeddable":true,"href":"https:\/\/blogdorogeriogomes.com.br\/noticias\/wp-json\/wp\/v2\/users\/1"}],"replies":[{"embeddable":true,"href":"https:\/\/blogdorogeriogomes.com.br\/noticias\/wp-json\/wp\/v2\/comments?post=21766"}],"version-history":[{"count":1,"href":"https:\/\/blogdorogeriogomes.com.br\/noticias\/wp-json\/wp\/v2\/posts\/21766\/revisions"}],"predecessor-version":[{"id":21768,"href":"https:\/\/blogdorogeriogomes.com.br\/noticias\/wp-json\/wp\/v2\/posts\/21766\/revisions\/21768"}],"wp:featuredmedia":[{"embeddable":true,"href":"https:\/\/blogdorogeriogomes.com.br\/noticias\/wp-json\/wp\/v2\/media\/21767"}],"wp:attachment":[{"href":"https:\/\/blogdorogeriogomes.com.br\/noticias\/wp-json\/wp\/v2\/media?parent=21766"}],"wp:term":[{"taxonomy":"category","embeddable":true,"href":"https:\/\/blogdorogeriogomes.com.br\/noticias\/wp-json\/wp\/v2\/categories?post=21766"},{"taxonomy":"post_tag","embeddable":true,"href":"https:\/\/blogdorogeriogomes.com.br\/noticias\/wp-json\/wp\/v2\/tags?post=21766"}],"curies":[{"name":"wp","href":"https:\/\/api.w.org\/{rel}","templated":true}]}}