{"id":21769,"date":"2021-06-24T18:44:34","date_gmt":"2021-06-24T18:44:34","guid":{"rendered":"https:\/\/blogdorogeriogomes.com.br\/?p=21769"},"modified":"2021-06-25T09:59:39","modified_gmt":"2021-06-25T09:59:39","slug":"ceara-recebe-177-300-doses-de-vacina-contra-covid-19-em-lotes-de-janssen-e-coronavac-imunizacao-sera-intensificada-no-fim-de-semana","status":"publish","type":"post","link":"https:\/\/blogdorogeriogomes.com.br\/noticias\/2021\/06\/ceara-recebe-177-300-doses-de-vacina-contra-covid-19-em-lotes-de-janssen-e-coronavac-imunizacao-sera-intensificada-no-fim-de-semana\/","title":{"rendered":"Cear\u00e1 recebe 177.300 doses de vacina contra Covid-19 em lotes de Janssen e CoronaVac. Imuniza\u00e7\u00e3o ser\u00e1 intensificada no fim de semana"},"content":{"rendered":"\n<p>O governador Camilo Santana (PT) anunciou, na tarde desta quinta-feira, dia 24 de junho, a chegada das primeiras 61.100 doses da vacina contra Covid-19 da farmac\u00eautica Janssen e um lote com mais 116.200 da CoronaVac. Os imunizantes est\u00e3o na Central de Armazenamento e Distribui\u00e7\u00e3o de Imunobiol\u00f3gicos da Secretaria da Sa\u00fade do Cear\u00e1 (Sesa) e ser\u00e3o destinadas \u00e0 vacina\u00e7\u00e3o do p\u00fablico adulto nos munic\u00edpios cearenses.<\/p>\n\n\n\n<p>Mais 93.600 doses da Pfizer tamb\u00e9m chegaram para distribui\u00e7\u00e3o. Camilo destacou que o Governo do Cear\u00e1 intensificar\u00e1 cada vez mais o ritmo da vacina\u00e7\u00e3o. &#8220;N\u00e3o vou descansar um minuto at\u00e9 que todos os cearenses sejam vacinados&#8221;, afirmou.<\/p>\n\n\n\n<p>At\u00e9 este s\u00e1bado, dia 26 de junho, a lista de agendamentos contempla pessoas de at\u00e9 37 anos para recebimento da primeira dose da vacina contra o coronav\u00edrus. Mais de 70 mil cadastrados ser\u00e3o contemplados na data.<\/p>\n\n\n\n<p>O primeiro lote das vacinas Janssen chegou ao Brasil no in\u00edcio da semana, com 1,5 milh\u00e3o de doses para serem distribu\u00eddas entre os estados. O imunizante da Johnson &amp; Johnson garante a aplica\u00e7\u00e3o em dose \u00fanica contra o v\u00edrus.<\/p>\n\n\n\n<p>O Cear\u00e1 inicia uso da vacina da Janssen j\u00e1 neste fim de semana. A informa\u00e7\u00e3o \u00e9 do titular da Secretaria da Sa\u00fade do Estado (Sesa), Dr Cabeto, que confirma a distribui\u00e7\u00e3o do imunizante para todo o interior do Estado. A vacina da Janssen necessita de apenas uma dose para garantir a imuniza\u00e7\u00e3o de quem recebe. Os cearenses tamb\u00e9m est\u00e3o recebendo as vacinas da Pfizer, CoronaVac e AstraZeneca contra a Covid-19.&nbsp;<\/p>\n\n\n\n<p>O governador Camilo Santana ainda refor\u00e7a as negocia\u00e7\u00f5es para a chegada das primeiras doses da vacina russa Sputnik V, que deve acontecer em julho. O imunizante foi adquirido atrav\u00e9s do Cons\u00f3rcio dos Governadores do Nordeste. Foi aprovado com restri\u00e7\u00f5es pela Anvisa, que autorizou a chegada das primeiras doses em car\u00e1ter emergencial.<\/p>\n\n\n\n<figure class=\"wp-block-image size-large\"><img loading=\"lazy\" decoding=\"async\" width=\"1024\" height=\"682\" src=\"https:\/\/blogdorogeriogomes.com.br\/wp-content\/uploads\/2021\/06\/IMG-20210624-WA0100-1024x682.jpg\" alt=\"\" class=\"wp-image-21770\" srcset=\"https:\/\/blogdorogeriogomes.com.br\/noticias\/wp-content\/uploads\/2021\/06\/IMG-20210624-WA0100-1024x682.jpg 1024w, https:\/\/blogdorogeriogomes.com.br\/noticias\/wp-content\/uploads\/2021\/06\/IMG-20210624-WA0100-300x200.jpg 300w, https:\/\/blogdorogeriogomes.com.br\/noticias\/wp-content\/uploads\/2021\/06\/IMG-20210624-WA0100-768x512.jpg 768w, https:\/\/blogdorogeriogomes.com.br\/noticias\/wp-content\/uploads\/2021\/06\/IMG-20210624-WA0100-800x533.jpg 800w, https:\/\/blogdorogeriogomes.com.br\/noticias\/wp-content\/uploads\/2021\/06\/IMG-20210624-WA0100.jpg 1280w\" sizes=\"auto, (max-width: 1024px) 100vw, 1024px\" \/><\/figure>\n","protected":false},"excerpt":{"rendered":"<p>O governador Camilo Santana (PT) anunciou, na tarde desta quinta-feira, dia 24 de junho, a chegada das primeiras 61.100 doses da vacina contra Covid-19 da farmac\u00eautica Janssen e um lote com mais 116.200 da CoronaVac. Os imunizantes est\u00e3o na Central de Armazenamento e Distribui\u00e7\u00e3o de Imunobiol\u00f3gicos da Secretaria da Sa\u00fade do Cear\u00e1 (Sesa) e ser\u00e3o destinadas \u00e0 vacina\u00e7\u00e3o do p\u00fablico adulto nos munic\u00edpios cearenses. Mais 93.600 doses da Pfizer tamb\u00e9m chegaram para distribui\u00e7\u00e3o. Camilo destacou que o Governo do&hellip;<\/p>\n","protected":false},"author":1,"featured_media":21770,"comment_status":"open","ping_status":"open","sticky":false,"template":"","format":"standard","meta":{"footnotes":""},"categories":[1],"tags":[],"class_list":["post-21769","post","type-post","status-publish","format-standard","has-post-thumbnail","hentry","category-noticias"],"_links":{"self":[{"href":"https:\/\/blogdorogeriogomes.com.br\/noticias\/wp-json\/wp\/v2\/posts\/21769","targetHints":{"allow":["GET"]}}],"collection":[{"href":"https:\/\/blogdorogeriogomes.com.br\/noticias\/wp-json\/wp\/v2\/posts"}],"about":[{"href":"https:\/\/blogdorogeriogomes.com.br\/noticias\/wp-json\/wp\/v2\/types\/post"}],"author":[{"embeddable":true,"href":"https:\/\/blogdorogeriogomes.com.br\/noticias\/wp-json\/wp\/v2\/users\/1"}],"replies":[{"embeddable":true,"href":"https:\/\/blogdorogeriogomes.com.br\/noticias\/wp-json\/wp\/v2\/comments?post=21769"}],"version-history":[{"count":1,"href":"https:\/\/blogdorogeriogomes.com.br\/noticias\/wp-json\/wp\/v2\/posts\/21769\/revisions"}],"predecessor-version":[{"id":21771,"href":"https:\/\/blogdorogeriogomes.com.br\/noticias\/wp-json\/wp\/v2\/posts\/21769\/revisions\/21771"}],"wp:featuredmedia":[{"embeddable":true,"href":"https:\/\/blogdorogeriogomes.com.br\/noticias\/wp-json\/wp\/v2\/media\/21770"}],"wp:attachment":[{"href":"https:\/\/blogdorogeriogomes.com.br\/noticias\/wp-json\/wp\/v2\/media?parent=21769"}],"wp:term":[{"taxonomy":"category","embeddable":true,"href":"https:\/\/blogdorogeriogomes.com.br\/noticias\/wp-json\/wp\/v2\/categories?post=21769"},{"taxonomy":"post_tag","embeddable":true,"href":"https:\/\/blogdorogeriogomes.com.br\/noticias\/wp-json\/wp\/v2\/tags?post=21769"}],"curies":[{"name":"wp","href":"https:\/\/api.w.org\/{rel}","templated":true}]}}