{"id":21778,"date":"2021-06-25T09:43:01","date_gmt":"2021-06-25T09:43:01","guid":{"rendered":"https:\/\/blogdorogeriogomes.com.br\/?p=21778"},"modified":"2021-06-25T09:59:14","modified_gmt":"2021-06-25T09:59:14","slug":"lula-lidera-com-folga-na-corrida-presidencial-segundo-pesquisa-do-instituto-ipec","status":"publish","type":"post","link":"https:\/\/blogdorogeriogomes.com.br\/noticias\/2021\/06\/lula-lidera-com-folga-na-corrida-presidencial-segundo-pesquisa-do-instituto-ipec\/","title":{"rendered":"Lula lidera com folga na corrida presidencial, segundo pesquisa do Instituto Ipec"},"content":{"rendered":"\n<p>Pesquisa do Instituto Ipec divulgada nesta sexta-feira, dia 25 de junho, revela uma lideran\u00e7a folgada do ex-presidente Lula (PT) para a elei\u00e7\u00e3o presidencial em 2022. Os percentuais apresentados foram os seguintes:<\/p>\n\n\n\n<p>Luiz In\u00e1cio Lula da Silva (PT): 49%<br>Jair Bolsonaro (sem partido): 23%<br>Ciro Gomes (PDT): 7%<br>Jo\u00e3o Doria (PSDB): 5%<br>Luiz Henrique Mandetta (DEM): 3%<br>Brancos \/ Nulos: 10%<br>N\u00e3o sabem \/ N\u00e3o responderam: 3%.<\/p>\n\n\n\n<p><br>O levantamento do Ipec foi feito de 17 a 21 de junho e ouviu 2.002 pessoas em 141 munic\u00edpios. A margem de erro \u00e9 de 2 pontos para mais e para menos.<\/p>\n\n\n\n<p>O Ipec foi criado por ex-executivos do Ibope Intelig\u00eancia ap\u00f3s o seu encerramento. O novo instituto de pesquisa atua na \u00e1rea de consultoria e intelig\u00eancia em pesquisas de mercado, opini\u00e3o p\u00fablica e pol\u00edtica.<\/p>\n\n\n\n<figure class=\"wp-block-image size-large\"><img loading=\"lazy\" decoding=\"async\" width=\"719\" height=\"427\" src=\"https:\/\/blogdorogeriogomes.com.br\/wp-content\/uploads\/2021\/06\/images-73.jpeg\" alt=\"\" class=\"wp-image-21779\" srcset=\"https:\/\/blogdorogeriogomes.com.br\/noticias\/wp-content\/uploads\/2021\/06\/images-73.jpeg 719w, https:\/\/blogdorogeriogomes.com.br\/noticias\/wp-content\/uploads\/2021\/06\/images-73-300x178.jpeg 300w\" sizes=\"auto, (max-width: 719px) 100vw, 719px\" \/><\/figure>\n","protected":false},"excerpt":{"rendered":"<p>Pesquisa do Instituto Ipec divulgada nesta sexta-feira, dia 25 de junho, revela uma lideran\u00e7a folgada do ex-presidente Lula (PT) para a elei\u00e7\u00e3o presidencial em 2022. Os percentuais apresentados foram os seguintes: Luiz In\u00e1cio Lula da Silva (PT): 49%Jair Bolsonaro (sem partido): 23%Ciro Gomes (PDT): 7%Jo\u00e3o Doria (PSDB): 5%Luiz Henrique Mandetta (DEM): 3%Brancos \/ Nulos: 10%N\u00e3o sabem \/ N\u00e3o responderam: 3%. O levantamento do Ipec foi feito de 17 a 21 de junho e ouviu 2.002 pessoas em 141 munic\u00edpios.&hellip;<\/p>\n","protected":false},"author":1,"featured_media":21779,"comment_status":"open","ping_status":"open","sticky":false,"template":"","format":"standard","meta":{"footnotes":""},"categories":[1],"tags":[],"class_list":["post-21778","post","type-post","status-publish","format-standard","has-post-thumbnail","hentry","category-noticias"],"_links":{"self":[{"href":"https:\/\/blogdorogeriogomes.com.br\/noticias\/wp-json\/wp\/v2\/posts\/21778","targetHints":{"allow":["GET"]}}],"collection":[{"href":"https:\/\/blogdorogeriogomes.com.br\/noticias\/wp-json\/wp\/v2\/posts"}],"about":[{"href":"https:\/\/blogdorogeriogomes.com.br\/noticias\/wp-json\/wp\/v2\/types\/post"}],"author":[{"embeddable":true,"href":"https:\/\/blogdorogeriogomes.com.br\/noticias\/wp-json\/wp\/v2\/users\/1"}],"replies":[{"embeddable":true,"href":"https:\/\/blogdorogeriogomes.com.br\/noticias\/wp-json\/wp\/v2\/comments?post=21778"}],"version-history":[{"count":1,"href":"https:\/\/blogdorogeriogomes.com.br\/noticias\/wp-json\/wp\/v2\/posts\/21778\/revisions"}],"predecessor-version":[{"id":21780,"href":"https:\/\/blogdorogeriogomes.com.br\/noticias\/wp-json\/wp\/v2\/posts\/21778\/revisions\/21780"}],"wp:featuredmedia":[{"embeddable":true,"href":"https:\/\/blogdorogeriogomes.com.br\/noticias\/wp-json\/wp\/v2\/media\/21779"}],"wp:attachment":[{"href":"https:\/\/blogdorogeriogomes.com.br\/noticias\/wp-json\/wp\/v2\/media?parent=21778"}],"wp:term":[{"taxonomy":"category","embeddable":true,"href":"https:\/\/blogdorogeriogomes.com.br\/noticias\/wp-json\/wp\/v2\/categories?post=21778"},{"taxonomy":"post_tag","embeddable":true,"href":"https:\/\/blogdorogeriogomes.com.br\/noticias\/wp-json\/wp\/v2\/tags?post=21778"}],"curies":[{"name":"wp","href":"https:\/\/api.w.org\/{rel}","templated":true}]}}