{"id":21785,"date":"2021-06-25T17:29:38","date_gmt":"2021-06-25T17:29:38","guid":{"rendered":"https:\/\/blogdorogeriogomes.com.br\/?p=21785"},"modified":"2021-06-28T08:13:44","modified_gmt":"2021-06-28T08:13:44","slug":"novo-decreto-libera-aulas-presenciais-do-ensino-superior-e-feiras-livres-no-ceara","status":"publish","type":"post","link":"https:\/\/blogdorogeriogomes.com.br\/noticias\/2021\/06\/novo-decreto-libera-aulas-presenciais-do-ensino-superior-e-feiras-livres-no-ceara\/","title":{"rendered":"Novo decreto libera aulas presenciais do ensino superior e feiras livres no Cear\u00e1"},"content":{"rendered":"\n<p>Em transmiss\u00e3o ao vivo nas redes sociais nesta sexta-feira, dia 25 de junho, o governador Camilo Santana (PT) anunciou o novo decreto de isolamento social r\u00edgido com mais flexibiliza\u00e7\u00f5es. Desta vez, est\u00e3o liberados o funcionamento de feiras livres e as aulas presenciais em institui\u00e7\u00f5es de ensino superior em todo o Cear\u00e1. A regi\u00e3o do Cariri, antes a \u00fanica fora do processo de reabertura, agora foi inclu\u00edda.<\/p>\n\n\n\n<p>As mudan\u00e7as ocorrem a partir da pr\u00f3xima segunda-feira, dia 28. O decreto novo vale por duas semanas e vai at\u00e9 o dia 10 de julho.<\/p>\n\n\n\n<p>O toque de recolher permanece de 23 horas \u00e0s 5 horas. Atualmente, est\u00e3o permitidas as atividades no com\u00e9rcio, restaurantes e bares, barracas de praia, cinemas, bibliotecas, museus, academias e templos religiosos, todas obedecendo restri\u00e7\u00f5es.<\/p>\n\n\n\n<p>Camilo afirmou que o Estado tem avan\u00e7ado na vacina\u00e7\u00e3o e trabalhado pela aquisi\u00e7\u00e3o de mais doses para imunizar toda a popula\u00e7\u00e3o nos pr\u00f3ximos meses. O governador salientou a import\u00e2ncia de obedecer o distanciamento social e seguir os protocolos sanit\u00e1rios, como uso de m\u00e1scara. O n\u00famero de casos no Cear\u00e1 est\u00e1 est\u00e1vel, segundo o secret\u00e1rio da Sa\u00fade, Dr. Cabeto.<\/p>\n\n\n\n<figure class=\"wp-block-image size-large\"><img loading=\"lazy\" decoding=\"async\" width=\"600\" height=\"400\" src=\"https:\/\/blogdorogeriogomes.com.br\/wp-content\/uploads\/2021\/06\/images-75.jpeg\" alt=\"\" class=\"wp-image-21786\" srcset=\"https:\/\/blogdorogeriogomes.com.br\/noticias\/wp-content\/uploads\/2021\/06\/images-75.jpeg 600w, https:\/\/blogdorogeriogomes.com.br\/noticias\/wp-content\/uploads\/2021\/06\/images-75-300x200.jpeg 300w\" sizes=\"auto, (max-width: 600px) 100vw, 600px\" \/><\/figure>\n","protected":false},"excerpt":{"rendered":"<p>Em transmiss\u00e3o ao vivo nas redes sociais nesta sexta-feira, dia 25 de junho, o governador Camilo Santana (PT) anunciou o novo decreto de isolamento social r\u00edgido com mais flexibiliza\u00e7\u00f5es. Desta vez, est\u00e3o liberados o funcionamento de feiras livres e as aulas presenciais em institui\u00e7\u00f5es de ensino superior em todo o Cear\u00e1. A regi\u00e3o do Cariri, antes a \u00fanica fora do processo de reabertura, agora foi inclu\u00edda. As mudan\u00e7as ocorrem a partir da pr\u00f3xima segunda-feira, dia 28. O decreto novo&hellip;<\/p>\n","protected":false},"author":1,"featured_media":21786,"comment_status":"open","ping_status":"open","sticky":false,"template":"","format":"standard","meta":{"footnotes":""},"categories":[1],"tags":[],"class_list":["post-21785","post","type-post","status-publish","format-standard","has-post-thumbnail","hentry","category-noticias"],"_links":{"self":[{"href":"https:\/\/blogdorogeriogomes.com.br\/noticias\/wp-json\/wp\/v2\/posts\/21785","targetHints":{"allow":["GET"]}}],"collection":[{"href":"https:\/\/blogdorogeriogomes.com.br\/noticias\/wp-json\/wp\/v2\/posts"}],"about":[{"href":"https:\/\/blogdorogeriogomes.com.br\/noticias\/wp-json\/wp\/v2\/types\/post"}],"author":[{"embeddable":true,"href":"https:\/\/blogdorogeriogomes.com.br\/noticias\/wp-json\/wp\/v2\/users\/1"}],"replies":[{"embeddable":true,"href":"https:\/\/blogdorogeriogomes.com.br\/noticias\/wp-json\/wp\/v2\/comments?post=21785"}],"version-history":[{"count":1,"href":"https:\/\/blogdorogeriogomes.com.br\/noticias\/wp-json\/wp\/v2\/posts\/21785\/revisions"}],"predecessor-version":[{"id":21787,"href":"https:\/\/blogdorogeriogomes.com.br\/noticias\/wp-json\/wp\/v2\/posts\/21785\/revisions\/21787"}],"wp:featuredmedia":[{"embeddable":true,"href":"https:\/\/blogdorogeriogomes.com.br\/noticias\/wp-json\/wp\/v2\/media\/21786"}],"wp:attachment":[{"href":"https:\/\/blogdorogeriogomes.com.br\/noticias\/wp-json\/wp\/v2\/media?parent=21785"}],"wp:term":[{"taxonomy":"category","embeddable":true,"href":"https:\/\/blogdorogeriogomes.com.br\/noticias\/wp-json\/wp\/v2\/categories?post=21785"},{"taxonomy":"post_tag","embeddable":true,"href":"https:\/\/blogdorogeriogomes.com.br\/noticias\/wp-json\/wp\/v2\/tags?post=21785"}],"curies":[{"name":"wp","href":"https:\/\/api.w.org\/{rel}","templated":true}]}}