{"id":21788,"date":"2021-06-26T01:44:41","date_gmt":"2021-06-26T01:44:41","guid":{"rendered":"https:\/\/blogdorogeriogomes.com.br\/?p=21788"},"modified":"2021-06-28T08:13:36","modified_gmt":"2021-06-28T08:13:36","slug":"cpi-da-covid-deputado-afirma-que-bolsonaro-ligou-compra-irregular-da-covaxin-ao-nome-do-lider-do-governo-ricardo-barros","status":"publish","type":"post","link":"https:\/\/blogdorogeriogomes.com.br\/noticias\/2021\/06\/cpi-da-covid-deputado-afirma-que-bolsonaro-ligou-compra-irregular-da-covaxin-ao-nome-do-lider-do-governo-ricardo-barros\/","title":{"rendered":"CPI da Covid: deputado afirma que Bolsonaro ligou compra irregular da Covaxin ao nome do l\u00edder do Governo, Ricardo Barros"},"content":{"rendered":"\n<p>No depoimento mais tumultuado da CPI da Covid, nesta sexta-feira, dia 25 de junho, o deputado federal Luis Miranda (DEM) alegou que o presidente Jair Bolsonaro citou o nome do seu l\u00edder de governo na C\u00e2mara dos Deputados, Ricardo Barros (PP), como algu\u00e9m ligado ao caso de irregularidades e ind\u00edcios de corrup\u00e7\u00e3o na compra da vacina indiana Covaxin. O envolvimento de Barros na den\u00fancia de superfaturamento deixa a situa\u00e7\u00e3o de Bolsonaro ainda mais complicada na CPI da Covid.<\/p>\n\n\n\n<p>De in\u00edcio, Miranda omitiu o nome de Barros. Ele garantiu na oitiva que teve a conversa sobre o assunto com o presidente no dia 20 de mar\u00e7o, no Pal\u00e1cio da Alvorada.<\/p>\n\n\n\n<p>&#8220;O presidente entendeu a gravidade (do caso da Covaxin). Olhando os meus olhos, ele falou: \u2018Isso \u00e9 grave\u2019. Ele at\u00e9 citou um nome para mim, dizendo: &#8216;Isso \u00e9 coisa de fulano&#8217;. E falou: \u2018Vou acionar o Diretor-Geral da Pol\u00edcia Federal, porque, de fato, Luis, isso \u00e9 muito grave&#8221;, disse o deputado federal.<\/p>\n\n\n\n<p>Nos bastidores da comiss\u00e3o, o nome de Ricardo Barros j\u00e1 circulava. Apenas ap\u00f3s press\u00e3o dos&nbsp; parlamentares Alessandro Vieira (Cidadania) e Simone Tebet (MDB), Miranda resolveu liberar a informa\u00e7\u00e3o. &#8220;Foi Ricardo Barros! Que presidente \u00e9 esse que tem medo de quem est\u00e1 fazendo o errado?&#8221;, indagou.<\/p>\n\n\n\n<p>Logo ap\u00f3s ser citado, Barros lan\u00e7ou nota afirmando n\u00e3o ter nenhuma liga\u00e7\u00e3o com o caso da compra das doses do imunizante indiano por R$ 1,6 bilh\u00e3o. &#8220;N\u00e3o sou esse parlamentar citado, a investiga\u00e7\u00e3o provar\u00e1 isso&#8221;.<\/p>\n\n\n\n<p>Respons\u00e1vel por apontar press\u00f5es sobre o Minist\u00e9rio da Sa\u00fade para a compra da Covaxin, o servidor federal e irm\u00e3o de Miranda, Luis Ricardo, tamb\u00e9m dep\u00f4s na CPI. Ele afirmou que a funcion\u00e1ria da pasta, Regina C\u00e9lia, foi respons\u00e1vel pelo aval para importa\u00e7\u00e3o da Covaxin. Ricardo tamb\u00e9m disse que levou \u00e0 Bolsonaro os nomes envolvidos nos tramites com a fornecedora da vacina.<\/p>\n\n\n\n<p>Segundo o senador Randolfe Rodrigues (Rede), C\u00e9lia foi nomeada por Ricardo Barros quando este era ministro da Sa\u00fade. Barros tamb\u00e9m negou esta den\u00fancia.<\/p>\n\n\n\n<figure class=\"wp-block-image size-large\"><img loading=\"lazy\" decoding=\"async\" width=\"678\" height=\"452\" src=\"https:\/\/blogdorogeriogomes.com.br\/wp-content\/uploads\/2021\/06\/images-76.jpeg\" alt=\"\" class=\"wp-image-21789\" srcset=\"https:\/\/blogdorogeriogomes.com.br\/noticias\/wp-content\/uploads\/2021\/06\/images-76.jpeg 678w, https:\/\/blogdorogeriogomes.com.br\/noticias\/wp-content\/uploads\/2021\/06\/images-76-300x200.jpeg 300w\" sizes=\"auto, (max-width: 678px) 100vw, 678px\" \/><\/figure>\n","protected":false},"excerpt":{"rendered":"<p>No depoimento mais tumultuado da CPI da Covid, nesta sexta-feira, dia 25 de junho, o deputado federal Luis Miranda (DEM) alegou que o presidente Jair Bolsonaro citou o nome do seu l\u00edder de governo na C\u00e2mara dos Deputados, Ricardo Barros (PP), como algu\u00e9m ligado ao caso de irregularidades e ind\u00edcios de corrup\u00e7\u00e3o na compra da vacina indiana Covaxin. O envolvimento de Barros na den\u00fancia de superfaturamento deixa a situa\u00e7\u00e3o de Bolsonaro ainda mais complicada na CPI da Covid. De&hellip;<\/p>\n","protected":false},"author":1,"featured_media":21789,"comment_status":"open","ping_status":"open","sticky":false,"template":"","format":"standard","meta":{"footnotes":""},"categories":[1],"tags":[],"class_list":["post-21788","post","type-post","status-publish","format-standard","has-post-thumbnail","hentry","category-noticias"],"_links":{"self":[{"href":"https:\/\/blogdorogeriogomes.com.br\/noticias\/wp-json\/wp\/v2\/posts\/21788","targetHints":{"allow":["GET"]}}],"collection":[{"href":"https:\/\/blogdorogeriogomes.com.br\/noticias\/wp-json\/wp\/v2\/posts"}],"about":[{"href":"https:\/\/blogdorogeriogomes.com.br\/noticias\/wp-json\/wp\/v2\/types\/post"}],"author":[{"embeddable":true,"href":"https:\/\/blogdorogeriogomes.com.br\/noticias\/wp-json\/wp\/v2\/users\/1"}],"replies":[{"embeddable":true,"href":"https:\/\/blogdorogeriogomes.com.br\/noticias\/wp-json\/wp\/v2\/comments?post=21788"}],"version-history":[{"count":1,"href":"https:\/\/blogdorogeriogomes.com.br\/noticias\/wp-json\/wp\/v2\/posts\/21788\/revisions"}],"predecessor-version":[{"id":21790,"href":"https:\/\/blogdorogeriogomes.com.br\/noticias\/wp-json\/wp\/v2\/posts\/21788\/revisions\/21790"}],"wp:featuredmedia":[{"embeddable":true,"href":"https:\/\/blogdorogeriogomes.com.br\/noticias\/wp-json\/wp\/v2\/media\/21789"}],"wp:attachment":[{"href":"https:\/\/blogdorogeriogomes.com.br\/noticias\/wp-json\/wp\/v2\/media?parent=21788"}],"wp:term":[{"taxonomy":"category","embeddable":true,"href":"https:\/\/blogdorogeriogomes.com.br\/noticias\/wp-json\/wp\/v2\/categories?post=21788"},{"taxonomy":"post_tag","embeddable":true,"href":"https:\/\/blogdorogeriogomes.com.br\/noticias\/wp-json\/wp\/v2\/tags?post=21788"}],"curies":[{"name":"wp","href":"https:\/\/api.w.org\/{rel}","templated":true}]}}