{"id":21794,"date":"2021-06-26T10:57:06","date_gmt":"2021-06-26T10:57:06","guid":{"rendered":"https:\/\/blogdorogeriogomes.com.br\/?p=21794"},"modified":"2021-06-28T08:13:00","modified_gmt":"2021-06-28T08:13:00","slug":"fortaleza-pretende-aplicar-todas-as-vacinas-para-1-dose-ate-segunda-feira-70-mil-estao-agendados-neste-sabado","status":"publish","type":"post","link":"https:\/\/blogdorogeriogomes.com.br\/noticias\/2021\/06\/fortaleza-pretende-aplicar-todas-as-vacinas-para-1-dose-ate-segunda-feira-70-mil-estao-agendados-neste-sabado\/","title":{"rendered":"Fortaleza pretende aplicar todas as vacinas para 1\u00b0 dose at\u00e9 segunda-feira. 70 mil est\u00e3o agendados neste s\u00e1bado"},"content":{"rendered":"\n<p>A secret\u00e1ria municipal de Sa\u00fade, Ana Estela Leite, informou que a prefeitura de Fortaleza planeja aplicar todas as doses de vacinas contra Covid-19 reservadas para 1\u00b0 dose at\u00e9 segunda-feira, dia 28 de junho. A meta \u00e9 aplicar todas doses recebidas at\u00e9 esta sexta-feira, dia 25. Cerca de 70 mil pessoas est\u00e3o agendadas para receber o imunizante neste s\u00e1bado, dia 26.<br>No site da prefeitura, est\u00e1 sendo divulgadas as rela\u00e7\u00f5es com nomes dos agendados, mas tamb\u00e9m \u00e9 poss\u00edvel verificar se h\u00e1 agendamento por cadastro, no site do Vacine J\u00e1.<br>Em todo o Cear\u00e1, a ideia \u00e9 avan\u00e7ar a vacina\u00e7\u00e3o por faixa et\u00e1ria. Agora, para uma cidade convocar faixas et\u00e1rias menores, basta alcan\u00e7ar o percentual m\u00ednimo de 75% de cobertura dentre os cadastrados por idade no sistema Sa\u00fade Digital. 3,87 milh\u00f5es de pessoas j\u00e1 receberam a 1\u00aa dose da imuniza\u00e7\u00e3o no Estado. Em junho, foram aplicadas, em m\u00e9dia, 46.309 doses por dia.<\/p>\n\n\n\n<figure class=\"wp-block-image size-large\"><img loading=\"lazy\" decoding=\"async\" width=\"678\" height=\"452\" src=\"https:\/\/blogdorogeriogomes.com.br\/wp-content\/uploads\/2021\/06\/IMG-20210625-WA0164.jpg\" alt=\"\" class=\"wp-image-21795\" srcset=\"https:\/\/blogdorogeriogomes.com.br\/noticias\/wp-content\/uploads\/2021\/06\/IMG-20210625-WA0164.jpg 678w, https:\/\/blogdorogeriogomes.com.br\/noticias\/wp-content\/uploads\/2021\/06\/IMG-20210625-WA0164-300x200.jpg 300w\" sizes=\"auto, (max-width: 678px) 100vw, 678px\" \/><\/figure>\n","protected":false},"excerpt":{"rendered":"<p>A secret\u00e1ria municipal de Sa\u00fade, Ana Estela Leite, informou que a prefeitura de Fortaleza planeja aplicar todas as doses de vacinas contra Covid-19 reservadas para 1\u00b0 dose at\u00e9 segunda-feira, dia 28 de junho. A meta \u00e9 aplicar todas doses recebidas at\u00e9 esta sexta-feira, dia 25. Cerca de 70 mil pessoas est\u00e3o agendadas para receber o imunizante neste s\u00e1bado, dia 26.No site da prefeitura, est\u00e1 sendo divulgadas as rela\u00e7\u00f5es com nomes dos agendados, mas tamb\u00e9m \u00e9 poss\u00edvel verificar se h\u00e1&hellip;<\/p>\n","protected":false},"author":1,"featured_media":21795,"comment_status":"open","ping_status":"open","sticky":false,"template":"","format":"standard","meta":{"footnotes":""},"categories":[1],"tags":[],"class_list":["post-21794","post","type-post","status-publish","format-standard","has-post-thumbnail","hentry","category-noticias"],"_links":{"self":[{"href":"https:\/\/blogdorogeriogomes.com.br\/noticias\/wp-json\/wp\/v2\/posts\/21794","targetHints":{"allow":["GET"]}}],"collection":[{"href":"https:\/\/blogdorogeriogomes.com.br\/noticias\/wp-json\/wp\/v2\/posts"}],"about":[{"href":"https:\/\/blogdorogeriogomes.com.br\/noticias\/wp-json\/wp\/v2\/types\/post"}],"author":[{"embeddable":true,"href":"https:\/\/blogdorogeriogomes.com.br\/noticias\/wp-json\/wp\/v2\/users\/1"}],"replies":[{"embeddable":true,"href":"https:\/\/blogdorogeriogomes.com.br\/noticias\/wp-json\/wp\/v2\/comments?post=21794"}],"version-history":[{"count":1,"href":"https:\/\/blogdorogeriogomes.com.br\/noticias\/wp-json\/wp\/v2\/posts\/21794\/revisions"}],"predecessor-version":[{"id":21796,"href":"https:\/\/blogdorogeriogomes.com.br\/noticias\/wp-json\/wp\/v2\/posts\/21794\/revisions\/21796"}],"wp:featuredmedia":[{"embeddable":true,"href":"https:\/\/blogdorogeriogomes.com.br\/noticias\/wp-json\/wp\/v2\/media\/21795"}],"wp:attachment":[{"href":"https:\/\/blogdorogeriogomes.com.br\/noticias\/wp-json\/wp\/v2\/media?parent=21794"}],"wp:term":[{"taxonomy":"category","embeddable":true,"href":"https:\/\/blogdorogeriogomes.com.br\/noticias\/wp-json\/wp\/v2\/categories?post=21794"},{"taxonomy":"post_tag","embeddable":true,"href":"https:\/\/blogdorogeriogomes.com.br\/noticias\/wp-json\/wp\/v2\/tags?post=21794"}],"curies":[{"name":"wp","href":"https:\/\/api.w.org\/{rel}","templated":true}]}}