{"id":21797,"date":"2021-06-28T09:55:54","date_gmt":"2021-06-28T09:55:54","guid":{"rendered":"https:\/\/blogdorogeriogomes.com.br\/?p=21797"},"modified":"2021-06-29T08:48:23","modified_gmt":"2021-06-29T08:48:23","slug":"guaramiranga-e-o-primeiro-municipio-do-ceara-a-vacinar-toda-a-populacao-adulta-cadastrada","status":"publish","type":"post","link":"https:\/\/blogdorogeriogomes.com.br\/noticias\/2021\/06\/guaramiranga-e-o-primeiro-municipio-do-ceara-a-vacinar-toda-a-populacao-adulta-cadastrada\/","title":{"rendered":"Guaramiranga \u00e9 o primeiro munic\u00edpio do Cear\u00e1 a vacinar toda a popula\u00e7\u00e3o adulta cadastrada"},"content":{"rendered":"\n<p>O munic\u00edpio de Guaramiranga, no Maci\u00e7o de Baturit\u00e9, foi o primeiro do Cear\u00e1 a vacinar toda a popula\u00e7\u00e3o adulta cadastrada no \u00faltimo fim de semana. A cidade \u00e9 o segundo menor munic\u00edpio do Estado, com cerca de 5.100 residentes. At\u00e9 este domingo, dia 27 de junho, cerca de 4.700 pessoas receberam a primeira dose do imunizante contra a Covid-19.<\/p>\n\n\n\n<p>Em Fortaleza, o prefeito Sarto Nogueira, anunciou que 40,3% da popula\u00e7\u00e3o de Fortaleza foram beneficiados com a primeira dose da vacina contra a Covid-19. De acordo com Sarto, cerca se 1.085.156 pessoas que residem na capital cearense j\u00e1 receberam o imunizante.<\/p>\n\n\n\n<figure class=\"wp-block-image size-large\"><img loading=\"lazy\" decoding=\"async\" width=\"737\" height=\"416\" src=\"https:\/\/blogdorogeriogomes.com.br\/wp-content\/uploads\/2021\/06\/images-77.jpeg\" alt=\"\" class=\"wp-image-21798\" srcset=\"https:\/\/blogdorogeriogomes.com.br\/noticias\/wp-content\/uploads\/2021\/06\/images-77.jpeg 737w, https:\/\/blogdorogeriogomes.com.br\/noticias\/wp-content\/uploads\/2021\/06\/images-77-300x169.jpeg 300w\" sizes=\"auto, (max-width: 737px) 100vw, 737px\" \/><\/figure>\n","protected":false},"excerpt":{"rendered":"<p>O munic\u00edpio de Guaramiranga, no Maci\u00e7o de Baturit\u00e9, foi o primeiro do Cear\u00e1 a vacinar toda a popula\u00e7\u00e3o adulta cadastrada no \u00faltimo fim de semana. A cidade \u00e9 o segundo menor munic\u00edpio do Estado, com cerca de 5.100 residentes. At\u00e9 este domingo, dia 27 de junho, cerca de 4.700 pessoas receberam a primeira dose do imunizante contra a Covid-19. Em Fortaleza, o prefeito Sarto Nogueira, anunciou que 40,3% da popula\u00e7\u00e3o de Fortaleza foram beneficiados com a primeira dose da&hellip;<\/p>\n","protected":false},"author":1,"featured_media":21798,"comment_status":"open","ping_status":"open","sticky":false,"template":"","format":"standard","meta":{"footnotes":""},"categories":[1],"tags":[],"class_list":["post-21797","post","type-post","status-publish","format-standard","has-post-thumbnail","hentry","category-noticias"],"_links":{"self":[{"href":"https:\/\/blogdorogeriogomes.com.br\/noticias\/wp-json\/wp\/v2\/posts\/21797","targetHints":{"allow":["GET"]}}],"collection":[{"href":"https:\/\/blogdorogeriogomes.com.br\/noticias\/wp-json\/wp\/v2\/posts"}],"about":[{"href":"https:\/\/blogdorogeriogomes.com.br\/noticias\/wp-json\/wp\/v2\/types\/post"}],"author":[{"embeddable":true,"href":"https:\/\/blogdorogeriogomes.com.br\/noticias\/wp-json\/wp\/v2\/users\/1"}],"replies":[{"embeddable":true,"href":"https:\/\/blogdorogeriogomes.com.br\/noticias\/wp-json\/wp\/v2\/comments?post=21797"}],"version-history":[{"count":1,"href":"https:\/\/blogdorogeriogomes.com.br\/noticias\/wp-json\/wp\/v2\/posts\/21797\/revisions"}],"predecessor-version":[{"id":21799,"href":"https:\/\/blogdorogeriogomes.com.br\/noticias\/wp-json\/wp\/v2\/posts\/21797\/revisions\/21799"}],"wp:featuredmedia":[{"embeddable":true,"href":"https:\/\/blogdorogeriogomes.com.br\/noticias\/wp-json\/wp\/v2\/media\/21798"}],"wp:attachment":[{"href":"https:\/\/blogdorogeriogomes.com.br\/noticias\/wp-json\/wp\/v2\/media?parent=21797"}],"wp:term":[{"taxonomy":"category","embeddable":true,"href":"https:\/\/blogdorogeriogomes.com.br\/noticias\/wp-json\/wp\/v2\/categories?post=21797"},{"taxonomy":"post_tag","embeddable":true,"href":"https:\/\/blogdorogeriogomes.com.br\/noticias\/wp-json\/wp\/v2\/tags?post=21797"}],"curies":[{"name":"wp","href":"https:\/\/api.w.org\/{rel}","templated":true}]}}