{"id":21806,"date":"2021-06-28T22:42:02","date_gmt":"2021-06-28T22:42:02","guid":{"rendered":"https:\/\/blogdorogeriogomes.com.br\/?p=21806"},"modified":"2021-06-29T08:48:06","modified_gmt":"2021-06-29T08:48:06","slug":"fortaleza-e-sebrae-lancam-programa-de-qualificacao-profissional-para-30-mil-empreendedores","status":"publish","type":"post","link":"https:\/\/blogdorogeriogomes.com.br\/noticias\/2021\/06\/fortaleza-e-sebrae-lancam-programa-de-qualificacao-profissional-para-30-mil-empreendedores\/","title":{"rendered":"Fortaleza e Sebrae lan\u00e7am programa de qualifica\u00e7\u00e3o profissional para 30 mil empreendedores"},"content":{"rendered":"\n<p>O prefeito de Fortaleza, Jos\u00e9 Sarto, anunciou nesta segunda-feira, dia 28 de junho, em parceria com o Servi\u00e7o Brasileiro de Apoio \u00e0s Micro e Pequenas Empresas no Cear\u00e1 (Sebrae-CE), o lan\u00e7amento do Programa Fortaleza Capacita, que prev\u00ea a\u00e7\u00f5es gratuitas de capacita\u00e7\u00e3o de gest\u00e3o e investimento para mais de 30 mil empreendedores. No total, 25 mil empreendedores ser\u00e3o contemplados com a\u00e7\u00f5es de capacita\u00e7\u00e3o em gest\u00e3o empresarial e 5.640 em consultorias individuais sobre seus respectivos neg\u00f3cios.<br>O conv\u00eanio de coopera\u00e7\u00e3o entre a Prefeitura da Capital e o Sebrae ter\u00e1 dura\u00e7\u00e3o inicial de 12 meses. Devido as restri\u00e7\u00f5es sanit\u00e1rias impostas pela pandemia do novo coronav\u00edrus, as aulas e consultorias ser\u00e3o realizadas pela internet. As inscri\u00e7\u00f5es para o Programa Fortaleza Capacita poder\u00e3o ser feitas no Canal (desenvolvimentoeconomico.fortaleza.ce.gov.br).<br>Al\u00e9m disso, foi formalizada a parceria com o Sebrae\/CE para implanta\u00e7\u00e3o do Programa Empreendedor do Futuro, por meio da Secretaria Municipal da Educa\u00e7\u00e3o (SME) e ser\u00e3o contemplados mais de 90.000 alunos do Ensino Fundamental da Rede Municipal com a metodologia do Projeto Jovens Empreendedores Primeiros Passos. A iniciativa ter\u00e1 in\u00edcio a partir de agosto.<\/p>\n\n\n\n<figure class=\"wp-block-image size-large\"><img loading=\"lazy\" decoding=\"async\" width=\"1024\" height=\"602\" src=\"https:\/\/blogdorogeriogomes.com.br\/wp-content\/uploads\/2021\/06\/IMG-20210628-WA0168-1024x602.jpg\" alt=\"\" class=\"wp-image-21807\" srcset=\"https:\/\/blogdorogeriogomes.com.br\/noticias\/wp-content\/uploads\/2021\/06\/IMG-20210628-WA0168-1024x602.jpg 1024w, https:\/\/blogdorogeriogomes.com.br\/noticias\/wp-content\/uploads\/2021\/06\/IMG-20210628-WA0168-300x176.jpg 300w, https:\/\/blogdorogeriogomes.com.br\/noticias\/wp-content\/uploads\/2021\/06\/IMG-20210628-WA0168-768x451.jpg 768w, https:\/\/blogdorogeriogomes.com.br\/noticias\/wp-content\/uploads\/2021\/06\/IMG-20210628-WA0168-800x470.jpg 800w, https:\/\/blogdorogeriogomes.com.br\/noticias\/wp-content\/uploads\/2021\/06\/IMG-20210628-WA0168.jpg 1280w\" sizes=\"auto, (max-width: 1024px) 100vw, 1024px\" \/><\/figure>\n","protected":false},"excerpt":{"rendered":"<p>O prefeito de Fortaleza, Jos\u00e9 Sarto, anunciou nesta segunda-feira, dia 28 de junho, em parceria com o Servi\u00e7o Brasileiro de Apoio \u00e0s Micro e Pequenas Empresas no Cear\u00e1 (Sebrae-CE), o lan\u00e7amento do Programa Fortaleza Capacita, que prev\u00ea a\u00e7\u00f5es gratuitas de capacita\u00e7\u00e3o de gest\u00e3o e investimento para mais de 30 mil empreendedores. No total, 25 mil empreendedores ser\u00e3o contemplados com a\u00e7\u00f5es de capacita\u00e7\u00e3o em gest\u00e3o empresarial e 5.640 em consultorias individuais sobre seus respectivos neg\u00f3cios.O conv\u00eanio de coopera\u00e7\u00e3o entre a&hellip;<\/p>\n","protected":false},"author":1,"featured_media":21807,"comment_status":"open","ping_status":"open","sticky":false,"template":"","format":"standard","meta":{"footnotes":""},"categories":[1],"tags":[],"class_list":["post-21806","post","type-post","status-publish","format-standard","has-post-thumbnail","hentry","category-noticias"],"_links":{"self":[{"href":"https:\/\/blogdorogeriogomes.com.br\/noticias\/wp-json\/wp\/v2\/posts\/21806","targetHints":{"allow":["GET"]}}],"collection":[{"href":"https:\/\/blogdorogeriogomes.com.br\/noticias\/wp-json\/wp\/v2\/posts"}],"about":[{"href":"https:\/\/blogdorogeriogomes.com.br\/noticias\/wp-json\/wp\/v2\/types\/post"}],"author":[{"embeddable":true,"href":"https:\/\/blogdorogeriogomes.com.br\/noticias\/wp-json\/wp\/v2\/users\/1"}],"replies":[{"embeddable":true,"href":"https:\/\/blogdorogeriogomes.com.br\/noticias\/wp-json\/wp\/v2\/comments?post=21806"}],"version-history":[{"count":1,"href":"https:\/\/blogdorogeriogomes.com.br\/noticias\/wp-json\/wp\/v2\/posts\/21806\/revisions"}],"predecessor-version":[{"id":21808,"href":"https:\/\/blogdorogeriogomes.com.br\/noticias\/wp-json\/wp\/v2\/posts\/21806\/revisions\/21808"}],"wp:featuredmedia":[{"embeddable":true,"href":"https:\/\/blogdorogeriogomes.com.br\/noticias\/wp-json\/wp\/v2\/media\/21807"}],"wp:attachment":[{"href":"https:\/\/blogdorogeriogomes.com.br\/noticias\/wp-json\/wp\/v2\/media?parent=21806"}],"wp:term":[{"taxonomy":"category","embeddable":true,"href":"https:\/\/blogdorogeriogomes.com.br\/noticias\/wp-json\/wp\/v2\/categories?post=21806"},{"taxonomy":"post_tag","embeddable":true,"href":"https:\/\/blogdorogeriogomes.com.br\/noticias\/wp-json\/wp\/v2\/tags?post=21806"}],"curies":[{"name":"wp","href":"https:\/\/api.w.org\/{rel}","templated":true}]}}