{"id":21810,"date":"2021-06-29T10:03:12","date_gmt":"2021-06-29T10:03:12","guid":{"rendered":"https:\/\/blogdorogeriogomes.com.br\/?p=21810"},"modified":"2021-06-29T22:28:09","modified_gmt":"2021-06-29T22:28:09","slug":"ministro-de-minas-e-energia-pede-a-populacao-uso-consciente-de-agua-e-energia-a-conta-ficara-mais-cara","status":"publish","type":"post","link":"https:\/\/blogdorogeriogomes.com.br\/noticias\/2021\/06\/ministro-de-minas-e-energia-pede-a-populacao-uso-consciente-de-agua-e-energia-a-conta-ficara-mais-cara\/","title":{"rendered":"Ministro de Minas e Energia pede \u00e0 popula\u00e7\u00e3o &#8220;uso consciente&#8221; de \u00e1gua e energia. A conta ficar\u00e1 mais cara"},"content":{"rendered":"\n<p>Destacando a pior crise h\u00eddrica do Pa\u00eds nos \u00faltimos 91 anos, o ministro de Minas e Energia, Bento Albuquerque, afirmou em pronunciamento nacional de r\u00e1dio de TV que \u00e9 preciso &#8220;uso consciente&#8221; de \u00e1gua e energia pela popula\u00e7\u00e3o brasileira. Apesar do alerta, o risco de um apag\u00e3o foi descartado.<\/p>\n\n\n\n<p>No entanto, a diretoria da Ag\u00eancia Nacional de Energia El\u00e9trica (ANEEL) tem reuni\u00e3o marcada nesta ter\u00e7a-feira, dia 29 de junho, para decidir os novos valores das bandeiras tarif\u00e1rias. O diretor-geral da ag\u00eancia, Andr\u00e9 Pepitone, j\u00e1 afirmou que o reajuste deve passar de 20% para a bandeira vermelha patamar 2, a mais cara.<\/p>\n\n\n\n<p>Chamou aten\u00e7\u00e3o o fato do ministro Bento Albuquerque utilizar do pronunciamento em cadeia nacional para emitir o alerta, fato raro entre representantes do governo de Jair Bolsonaro. Antes dele, apenas tr\u00eas transmiss\u00f5es de r\u00e1dio e TV foram feitos com ministros: Eduardo Pazuello (ex da Sa\u00fade), Ricardo Salles (ex do Meio Ambiente) e Abraham Weintraub (ex da Educa\u00e7\u00e3o).<\/p>\n\n\n\n<p>A situa\u00e7\u00e3o h\u00eddrica agravada tem foco maior no Sudeste e no Centro-Oeste do Brasil. Na semana passada, a Comiss\u00e3o de Minas e Energia se reuniu na C\u00e2mara dos Deputados e descartou a necessidade de racionamento. <\/p>\n\n\n\n<figure class=\"wp-block-image size-large\"><img loading=\"lazy\" decoding=\"async\" width=\"600\" height=\"400\" src=\"https:\/\/blogdorogeriogomes.com.br\/wp-content\/uploads\/2021\/06\/images-79.jpeg\" alt=\"\" class=\"wp-image-21811\" srcset=\"https:\/\/blogdorogeriogomes.com.br\/noticias\/wp-content\/uploads\/2021\/06\/images-79.jpeg 600w, https:\/\/blogdorogeriogomes.com.br\/noticias\/wp-content\/uploads\/2021\/06\/images-79-300x200.jpeg 300w\" sizes=\"auto, (max-width: 600px) 100vw, 600px\" \/><\/figure>\n","protected":false},"excerpt":{"rendered":"<p>Destacando a pior crise h\u00eddrica do Pa\u00eds nos \u00faltimos 91 anos, o ministro de Minas e Energia, Bento Albuquerque, afirmou em pronunciamento nacional de r\u00e1dio de TV que \u00e9 preciso &#8220;uso consciente&#8221; de \u00e1gua e energia pela popula\u00e7\u00e3o brasileira. Apesar do alerta, o risco de um apag\u00e3o foi descartado. No entanto, a diretoria da Ag\u00eancia Nacional de Energia El\u00e9trica (ANEEL) tem reuni\u00e3o marcada nesta ter\u00e7a-feira, dia 29 de junho, para decidir os novos valores das bandeiras tarif\u00e1rias. O diretor-geral&hellip;<\/p>\n","protected":false},"author":1,"featured_media":21811,"comment_status":"open","ping_status":"open","sticky":false,"template":"","format":"standard","meta":{"footnotes":""},"categories":[1],"tags":[],"class_list":["post-21810","post","type-post","status-publish","format-standard","has-post-thumbnail","hentry","category-noticias"],"_links":{"self":[{"href":"https:\/\/blogdorogeriogomes.com.br\/noticias\/wp-json\/wp\/v2\/posts\/21810","targetHints":{"allow":["GET"]}}],"collection":[{"href":"https:\/\/blogdorogeriogomes.com.br\/noticias\/wp-json\/wp\/v2\/posts"}],"about":[{"href":"https:\/\/blogdorogeriogomes.com.br\/noticias\/wp-json\/wp\/v2\/types\/post"}],"author":[{"embeddable":true,"href":"https:\/\/blogdorogeriogomes.com.br\/noticias\/wp-json\/wp\/v2\/users\/1"}],"replies":[{"embeddable":true,"href":"https:\/\/blogdorogeriogomes.com.br\/noticias\/wp-json\/wp\/v2\/comments?post=21810"}],"version-history":[{"count":1,"href":"https:\/\/blogdorogeriogomes.com.br\/noticias\/wp-json\/wp\/v2\/posts\/21810\/revisions"}],"predecessor-version":[{"id":21812,"href":"https:\/\/blogdorogeriogomes.com.br\/noticias\/wp-json\/wp\/v2\/posts\/21810\/revisions\/21812"}],"wp:featuredmedia":[{"embeddable":true,"href":"https:\/\/blogdorogeriogomes.com.br\/noticias\/wp-json\/wp\/v2\/media\/21811"}],"wp:attachment":[{"href":"https:\/\/blogdorogeriogomes.com.br\/noticias\/wp-json\/wp\/v2\/media?parent=21810"}],"wp:term":[{"taxonomy":"category","embeddable":true,"href":"https:\/\/blogdorogeriogomes.com.br\/noticias\/wp-json\/wp\/v2\/categories?post=21810"},{"taxonomy":"post_tag","embeddable":true,"href":"https:\/\/blogdorogeriogomes.com.br\/noticias\/wp-json\/wp\/v2\/tags?post=21810"}],"curies":[{"name":"wp","href":"https:\/\/api.w.org\/{rel}","templated":true}]}}