{"id":21816,"date":"2021-06-29T19:47:05","date_gmt":"2021-06-29T19:47:05","guid":{"rendered":"https:\/\/blogdorogeriogomes.com.br\/?p=21816"},"modified":"2021-06-29T22:28:00","modified_gmt":"2021-06-29T22:28:00","slug":"apos-governo-federal-negar-isencao-camilo-encaminha-lei-que-garante-pagamento-de-taxa-do-enem-para-estudantes-de-escola-publica-no-ceara","status":"publish","type":"post","link":"https:\/\/blogdorogeriogomes.com.br\/noticias\/2021\/06\/apos-governo-federal-negar-isencao-camilo-encaminha-lei-que-garante-pagamento-de-taxa-do-enem-para-estudantes-de-escola-publica-no-ceara\/","title":{"rendered":"Ap\u00f3s Governo Federal negar isen\u00e7\u00e3o, Camilo encaminha lei que garante pagamento de taxa do Enem para estudantes de escola p\u00fablica no Cear\u00e1"},"content":{"rendered":"\n<p>Em transmiss\u00e3o ao vivo nas redes sociais nesta ter\u00e7a-feira, dia 29 de junho, o governador Camilo Santana (PT) assinou a proposta de lei que garante o pagamento da taxa de inscri\u00e7\u00e3o do Exame Nacional do Ensino M\u00e9dio (Enem) aos alunos da rede p\u00fablica estadual. O documento foi encaminhado \u00e0 Assembleia Legislativa e ser\u00e1 votado em regime de urg\u00eancia.<\/p>\n\n\n\n<p>Camilo destacou que os alunos de escolas p\u00fablicas tiveram o pedido de isen\u00e7\u00e3o negado pelo Governo Federal e, por isso, o Governo do Cear\u00e1 est\u00e1 apresentando esta lei para assegurar a participa\u00e7\u00e3o dos estudantes cearenses no exame.<\/p>\n\n\n\n<p>O governador classificou como &#8220;absurda&#8221; a falta de isen\u00e7\u00e3o para os jovens que n\u00e3o t\u00eam condi\u00e7\u00e3o de pagar a taxa de R$ 85. &#8220;Investir em educa\u00e7\u00e3o \u00e9 o melhor caminho para termos um estado mais justo, humano e desenvolvido&#8221;, disse Camilo.<\/p>\n\n\n\n<p>A lei contemplar\u00e1 alunos matriculados no 3\u00ba ano do ensino m\u00e9dio e tamb\u00e9m aqueles estudantes que conclu\u00edram os estudos dentro do per\u00edodo de at\u00e9 um ano.<\/p>\n\n\n\n<figure class=\"wp-block-image size-large\"><img loading=\"lazy\" decoding=\"async\" width=\"678\" height=\"452\" src=\"https:\/\/blogdorogeriogomes.com.br\/wp-content\/uploads\/2021\/06\/images-80.jpeg\" alt=\"\" class=\"wp-image-21817\" srcset=\"https:\/\/blogdorogeriogomes.com.br\/noticias\/wp-content\/uploads\/2021\/06\/images-80.jpeg 678w, https:\/\/blogdorogeriogomes.com.br\/noticias\/wp-content\/uploads\/2021\/06\/images-80-300x200.jpeg 300w\" sizes=\"auto, (max-width: 678px) 100vw, 678px\" \/><\/figure>\n","protected":false},"excerpt":{"rendered":"<p>Em transmiss\u00e3o ao vivo nas redes sociais nesta ter\u00e7a-feira, dia 29 de junho, o governador Camilo Santana (PT) assinou a proposta de lei que garante o pagamento da taxa de inscri\u00e7\u00e3o do Exame Nacional do Ensino M\u00e9dio (Enem) aos alunos da rede p\u00fablica estadual. O documento foi encaminhado \u00e0 Assembleia Legislativa e ser\u00e1 votado em regime de urg\u00eancia. Camilo destacou que os alunos de escolas p\u00fablicas tiveram o pedido de isen\u00e7\u00e3o negado pelo Governo Federal e, por isso, o&hellip;<\/p>\n","protected":false},"author":1,"featured_media":21817,"comment_status":"open","ping_status":"open","sticky":false,"template":"","format":"standard","meta":{"footnotes":""},"categories":[1],"tags":[],"class_list":["post-21816","post","type-post","status-publish","format-standard","has-post-thumbnail","hentry","category-noticias"],"_links":{"self":[{"href":"https:\/\/blogdorogeriogomes.com.br\/noticias\/wp-json\/wp\/v2\/posts\/21816","targetHints":{"allow":["GET"]}}],"collection":[{"href":"https:\/\/blogdorogeriogomes.com.br\/noticias\/wp-json\/wp\/v2\/posts"}],"about":[{"href":"https:\/\/blogdorogeriogomes.com.br\/noticias\/wp-json\/wp\/v2\/types\/post"}],"author":[{"embeddable":true,"href":"https:\/\/blogdorogeriogomes.com.br\/noticias\/wp-json\/wp\/v2\/users\/1"}],"replies":[{"embeddable":true,"href":"https:\/\/blogdorogeriogomes.com.br\/noticias\/wp-json\/wp\/v2\/comments?post=21816"}],"version-history":[{"count":1,"href":"https:\/\/blogdorogeriogomes.com.br\/noticias\/wp-json\/wp\/v2\/posts\/21816\/revisions"}],"predecessor-version":[{"id":21818,"href":"https:\/\/blogdorogeriogomes.com.br\/noticias\/wp-json\/wp\/v2\/posts\/21816\/revisions\/21818"}],"wp:featuredmedia":[{"embeddable":true,"href":"https:\/\/blogdorogeriogomes.com.br\/noticias\/wp-json\/wp\/v2\/media\/21817"}],"wp:attachment":[{"href":"https:\/\/blogdorogeriogomes.com.br\/noticias\/wp-json\/wp\/v2\/media?parent=21816"}],"wp:term":[{"taxonomy":"category","embeddable":true,"href":"https:\/\/blogdorogeriogomes.com.br\/noticias\/wp-json\/wp\/v2\/categories?post=21816"},{"taxonomy":"post_tag","embeddable":true,"href":"https:\/\/blogdorogeriogomes.com.br\/noticias\/wp-json\/wp\/v2\/tags?post=21816"}],"curies":[{"name":"wp","href":"https:\/\/api.w.org\/{rel}","templated":true}]}}