{"id":21819,"date":"2021-06-29T20:26:46","date_gmt":"2021-06-29T20:26:46","guid":{"rendered":"https:\/\/blogdorogeriogomes.com.br\/?p=21819"},"modified":"2021-06-29T22:27:48","modified_gmt":"2021-06-29T22:27:48","slug":"sob-pressao-ministerio-da-saude-decide-suspender-contrato-para-compra-da-covaxin","status":"publish","type":"post","link":"https:\/\/blogdorogeriogomes.com.br\/noticias\/2021\/06\/sob-pressao-ministerio-da-saude-decide-suspender-contrato-para-compra-da-covaxin\/","title":{"rendered":"Sob press\u00e3o, Minist\u00e9rio da Sa\u00fade decide suspender contrato para compra da Covaxin"},"content":{"rendered":"\n<p>Em meio a investiga\u00e7\u00e3o que apura ind\u00edcios de corrup\u00e7\u00e3o na compra da Covaxin, o Minist\u00e9rio da Sa\u00fade decidiu nesta ter\u00e7a-feira, dia 29 de junho, pela suspens\u00e3o do contrato firmado para aquisi\u00e7\u00e3o da vacina indiana. A informa\u00e7\u00e3o foi confirmada pelo ministro Marcelo Queiroga (foto) em entrevista \u00e0 CNN.<\/p>\n\n\n\n<p>Queiroga afirmou que &#8220;n\u00e3o \u00e9 mais oportuno importar as vacinas neste momento&#8221;. Assinado em fevereiro deste ano, o contrato com a Covaxin prev\u00ea a importa\u00e7\u00e3o de 20 milh\u00f5es de doses. As vacinas n\u00e3o foram importadas, pois a Ag\u00eancia Nacional de Vigil\u00e2ncia Sanit\u00e1ria (Anvisa) apontou que o imunizante n\u00e3o atendia crit\u00e9rios t\u00e9cnicos.<\/p>\n\n\n\n<p>Contudo, o servidor do Minist\u00e9rio da Sa\u00fade, Lu\u00eds Ricardo Fernandes Miranda, denunciou que houve &#8220;press\u00e3o at\u00edpica&#8221; para que a compra da Covaxin fosse aprovada pela pasta. O governo federal chegou a empenhar 1,6 bilh\u00e3o para selar o contrato com a farmac\u00eautica.<\/p>\n\n\n\n<p>Na CPI da Covid, em sess\u00e3o na \u00faltima sexta-feira, Lu\u00eds Ricardo e seu irm\u00e3o, o deputado federal Lu\u00eds Miranda, depuseram e colocaram ainda mais press\u00e3o sob Jair Bolsonaro (sem partido) e o l\u00edder do governo na C\u00e2mara dos Deputados, Ricardo Barros, que teria liga\u00e7\u00e3o com as irregularidades.<\/p>\n\n\n\n<p>Em suas redes sociais, o senador Randolfe Rodrigues (Rede) comentou a decis\u00e3o de Queiroga. &#8220;Se n\u00e3o tinha nada de errado, por que ir\u00e3o suspender? Isso s\u00f3 tem um nome! Confiss\u00e3o&#8221;.<\/p>\n\n\n\n<figure class=\"wp-block-image size-large\"><img loading=\"lazy\" decoding=\"async\" width=\"675\" height=\"449\" src=\"https:\/\/blogdorogeriogomes.com.br\/wp-content\/uploads\/2021\/06\/images-81.jpeg\" alt=\"\" class=\"wp-image-21820\" srcset=\"https:\/\/blogdorogeriogomes.com.br\/noticias\/wp-content\/uploads\/2021\/06\/images-81.jpeg 675w, https:\/\/blogdorogeriogomes.com.br\/noticias\/wp-content\/uploads\/2021\/06\/images-81-300x200.jpeg 300w\" sizes=\"auto, (max-width: 675px) 100vw, 675px\" \/><\/figure>\n","protected":false},"excerpt":{"rendered":"<p>Em meio a investiga\u00e7\u00e3o que apura ind\u00edcios de corrup\u00e7\u00e3o na compra da Covaxin, o Minist\u00e9rio da Sa\u00fade decidiu nesta ter\u00e7a-feira, dia 29 de junho, pela suspens\u00e3o do contrato firmado para aquisi\u00e7\u00e3o da vacina indiana. A informa\u00e7\u00e3o foi confirmada pelo ministro Marcelo Queiroga (foto) em entrevista \u00e0 CNN. Queiroga afirmou que &#8220;n\u00e3o \u00e9 mais oportuno importar as vacinas neste momento&#8221;. Assinado em fevereiro deste ano, o contrato com a Covaxin prev\u00ea a importa\u00e7\u00e3o de 20 milh\u00f5es de doses. As vacinas&hellip;<\/p>\n","protected":false},"author":1,"featured_media":21820,"comment_status":"open","ping_status":"open","sticky":false,"template":"","format":"standard","meta":{"footnotes":""},"categories":[1],"tags":[],"class_list":["post-21819","post","type-post","status-publish","format-standard","has-post-thumbnail","hentry","category-noticias"],"_links":{"self":[{"href":"https:\/\/blogdorogeriogomes.com.br\/noticias\/wp-json\/wp\/v2\/posts\/21819","targetHints":{"allow":["GET"]}}],"collection":[{"href":"https:\/\/blogdorogeriogomes.com.br\/noticias\/wp-json\/wp\/v2\/posts"}],"about":[{"href":"https:\/\/blogdorogeriogomes.com.br\/noticias\/wp-json\/wp\/v2\/types\/post"}],"author":[{"embeddable":true,"href":"https:\/\/blogdorogeriogomes.com.br\/noticias\/wp-json\/wp\/v2\/users\/1"}],"replies":[{"embeddable":true,"href":"https:\/\/blogdorogeriogomes.com.br\/noticias\/wp-json\/wp\/v2\/comments?post=21819"}],"version-history":[{"count":1,"href":"https:\/\/blogdorogeriogomes.com.br\/noticias\/wp-json\/wp\/v2\/posts\/21819\/revisions"}],"predecessor-version":[{"id":21821,"href":"https:\/\/blogdorogeriogomes.com.br\/noticias\/wp-json\/wp\/v2\/posts\/21819\/revisions\/21821"}],"wp:featuredmedia":[{"embeddable":true,"href":"https:\/\/blogdorogeriogomes.com.br\/noticias\/wp-json\/wp\/v2\/media\/21820"}],"wp:attachment":[{"href":"https:\/\/blogdorogeriogomes.com.br\/noticias\/wp-json\/wp\/v2\/media?parent=21819"}],"wp:term":[{"taxonomy":"category","embeddable":true,"href":"https:\/\/blogdorogeriogomes.com.br\/noticias\/wp-json\/wp\/v2\/categories?post=21819"},{"taxonomy":"post_tag","embeddable":true,"href":"https:\/\/blogdorogeriogomes.com.br\/noticias\/wp-json\/wp\/v2\/tags?post=21819"}],"curies":[{"name":"wp","href":"https:\/\/api.w.org\/{rel}","templated":true}]}}