{"id":21822,"date":"2021-06-29T22:40:45","date_gmt":"2021-06-29T22:40:45","guid":{"rendered":"https:\/\/blogdorogeriogomes.com.br\/?p=21822"},"modified":"2021-06-30T12:01:15","modified_gmt":"2021-06-30T12:01:15","slug":"prefeitura-de-fortaleza-entrega-torre-de-seguranca-da-praia-de-iracema","status":"publish","type":"post","link":"https:\/\/blogdorogeriogomes.com.br\/noticias\/2021\/06\/prefeitura-de-fortaleza-entrega-torre-de-seguranca-da-praia-de-iracema\/","title":{"rendered":"Prefeitura de Fortaleza entrega Torre de Seguran\u00e7a da Praia de Iracema"},"content":{"rendered":"\n<p>Foi entregue nesta ter\u00e7a-feira, dia 29 de junho, uma C\u00e9lula de Prote\u00e7\u00e3o Comunit\u00e1ria na Praia de Iracema, sendo esta a terceira c\u00e9lula implantada pela atual gest\u00e3o do prefeito de Fortaleza Jos\u00e9 Sarto. O equipamento que disp\u00f5e de drone \u00e9 uma torre de videomonitoramento com acesso a 52 c\u00e2meras instaladas na Praia de Iracema, localizada nas proximidades do antigo restaurante Tia Nair.<br>A torre integra o complexo de seguran\u00e7a da Avenida Beira-Mar, com um sistema de 144 c\u00e2meras de videomonitoramento instaladas no trecho que vai do Mercado dos Peixes, na Praia do Mucuripe, \u00e0 Ponte dos Ingleses.<br>O Programa Municipal de Prote\u00e7\u00e3o Urbana, respons\u00e1vel pela a entrega desses equipamentos, visa ao enfrentamento da viol\u00eancia e da inseguran\u00e7a pela \u00f3tica da preven\u00e7\u00e3o, unindo t\u00e9cnicas preditivas e ostensivas por meio da vigil\u00e2ncia eletr\u00f4nica e sistem\u00e1tica, com patrulhamento em motocicletas e viaturas, al\u00e9m de um sistema de vigil\u00e2ncia eletr\u00f4nica que monitora 24 horas toda a \u00e1rea assistida pela C\u00e9lula.<br>Mais 12 bairros de Fortaleza j\u00e1 disp\u00f5em de C\u00e9lulas de Prote\u00e7\u00e3o Comunit\u00e1ria: Jangurussu, Vila Velha, Canindezinho, Barra do Cear\u00e1, Goiabeiras, Ca\u00e7a e Pesca, Bonsucesso, P\u00f4r do Sol, Pan Americano, Mondubim, Vicente Pizon e Beira Mar.<br>A Prefeitura ainda calcula inaugurar, at\u00e9 o in\u00edcio do pr\u00f3ximo ano, mais cinco c\u00e9lulas nos bairros Centro (Pra\u00e7a da Lagoinha), Jacarecanga, Jos\u00e9 Walter, Varjota e Serviluz.<\/p>\n\n\n\n<figure class=\"wp-block-image size-large\"><img loading=\"lazy\" decoding=\"async\" width=\"1024\" height=\"602\" src=\"https:\/\/blogdorogeriogomes.com.br\/wp-content\/uploads\/2021\/06\/IMG-20210629-WA0059-1024x602.jpg\" alt=\"\" class=\"wp-image-21823\" srcset=\"https:\/\/blogdorogeriogomes.com.br\/noticias\/wp-content\/uploads\/2021\/06\/IMG-20210629-WA0059-1024x602.jpg 1024w, https:\/\/blogdorogeriogomes.com.br\/noticias\/wp-content\/uploads\/2021\/06\/IMG-20210629-WA0059-300x176.jpg 300w, https:\/\/blogdorogeriogomes.com.br\/noticias\/wp-content\/uploads\/2021\/06\/IMG-20210629-WA0059-768x451.jpg 768w, https:\/\/blogdorogeriogomes.com.br\/noticias\/wp-content\/uploads\/2021\/06\/IMG-20210629-WA0059-800x470.jpg 800w, https:\/\/blogdorogeriogomes.com.br\/noticias\/wp-content\/uploads\/2021\/06\/IMG-20210629-WA0059.jpg 1280w\" sizes=\"auto, (max-width: 1024px) 100vw, 1024px\" \/><\/figure>\n","protected":false},"excerpt":{"rendered":"<p>Foi entregue nesta ter\u00e7a-feira, dia 29 de junho, uma C\u00e9lula de Prote\u00e7\u00e3o Comunit\u00e1ria na Praia de Iracema, sendo esta a terceira c\u00e9lula implantada pela atual gest\u00e3o do prefeito de Fortaleza Jos\u00e9 Sarto. O equipamento que disp\u00f5e de drone \u00e9 uma torre de videomonitoramento com acesso a 52 c\u00e2meras instaladas na Praia de Iracema, localizada nas proximidades do antigo restaurante Tia Nair.A torre integra o complexo de seguran\u00e7a da Avenida Beira-Mar, com um sistema de 144 c\u00e2meras de videomonitoramento instaladas&hellip;<\/p>\n","protected":false},"author":1,"featured_media":21823,"comment_status":"open","ping_status":"open","sticky":false,"template":"","format":"standard","meta":{"footnotes":""},"categories":[1],"tags":[],"class_list":["post-21822","post","type-post","status-publish","format-standard","has-post-thumbnail","hentry","category-noticias"],"_links":{"self":[{"href":"https:\/\/blogdorogeriogomes.com.br\/noticias\/wp-json\/wp\/v2\/posts\/21822","targetHints":{"allow":["GET"]}}],"collection":[{"href":"https:\/\/blogdorogeriogomes.com.br\/noticias\/wp-json\/wp\/v2\/posts"}],"about":[{"href":"https:\/\/blogdorogeriogomes.com.br\/noticias\/wp-json\/wp\/v2\/types\/post"}],"author":[{"embeddable":true,"href":"https:\/\/blogdorogeriogomes.com.br\/noticias\/wp-json\/wp\/v2\/users\/1"}],"replies":[{"embeddable":true,"href":"https:\/\/blogdorogeriogomes.com.br\/noticias\/wp-json\/wp\/v2\/comments?post=21822"}],"version-history":[{"count":1,"href":"https:\/\/blogdorogeriogomes.com.br\/noticias\/wp-json\/wp\/v2\/posts\/21822\/revisions"}],"predecessor-version":[{"id":21824,"href":"https:\/\/blogdorogeriogomes.com.br\/noticias\/wp-json\/wp\/v2\/posts\/21822\/revisions\/21824"}],"wp:featuredmedia":[{"embeddable":true,"href":"https:\/\/blogdorogeriogomes.com.br\/noticias\/wp-json\/wp\/v2\/media\/21823"}],"wp:attachment":[{"href":"https:\/\/blogdorogeriogomes.com.br\/noticias\/wp-json\/wp\/v2\/media?parent=21822"}],"wp:term":[{"taxonomy":"category","embeddable":true,"href":"https:\/\/blogdorogeriogomes.com.br\/noticias\/wp-json\/wp\/v2\/categories?post=21822"},{"taxonomy":"post_tag","embeddable":true,"href":"https:\/\/blogdorogeriogomes.com.br\/noticias\/wp-json\/wp\/v2\/tags?post=21822"}],"curies":[{"name":"wp","href":"https:\/\/api.w.org\/{rel}","templated":true}]}}