{"id":21834,"date":"2021-06-30T18:02:01","date_gmt":"2021-06-30T18:02:01","guid":{"rendered":"https:\/\/blogdorogeriogomes.com.br\/?p=21834"},"modified":"2021-07-01T10:25:51","modified_gmt":"2021-07-01T10:25:51","slug":"presidente-da-fiec-ricardo-cavalcante-tem-mandato-prorrogado-ate-2027","status":"publish","type":"post","link":"https:\/\/blogdorogeriogomes.com.br\/noticias\/2021\/06\/presidente-da-fiec-ricardo-cavalcante-tem-mandato-prorrogado-ate-2027\/","title":{"rendered":"Presidente da Fiec, Ricardo Cavalcante, tem mandato prorrogado at\u00e9 2027"},"content":{"rendered":"\n<p>O presidente da Federa\u00e7\u00e3o das Ind\u00fastrias do Estado do Cear\u00e1 (Fiec), Ricardo Cavalcante, teve o mandato prorrogado at\u00e9 2027. Toda a diretoria teve mais tr\u00eas anos de prorroga\u00e7\u00e3o de mandato, de acordo com decis\u00e3o da assembleia geral do Conselho de Representantes da&nbsp;Fiec.<\/p>\n\n\n\n<p>&#8220;A proposta do Conselho se baseia em relevantes quest\u00f5es, como o alinhamento ao per\u00edodo de mandato da diretoria da Confedera\u00e7\u00e3o Nacional da Ind\u00fastria (CNI), assim como ao per\u00edodo de trabalho fortemente impactado pela pandemia da Covid-19, e tamb\u00e9m devido a novos projetos estruturantes na Fiec que demandam tempo e aten\u00e7\u00e3o extras&#8221;, disse a nota da Fiec.<\/p>\n\n\n\n<p>O presidente da Fiec, Ricardo Cavalcante, tomou posse em 2019 e tamb\u00e9m ocupa a presid\u00eancia da Associa\u00e7\u00e3o Nordeste Forte, vinculada \u00e0 Confedera\u00e7\u00e3o Nacional.da Ind\u00fastria (CNI).<\/p>\n\n\n\n<figure class=\"wp-block-image size-large\"><img loading=\"lazy\" decoding=\"async\" width=\"418\" height=\"314\" src=\"https:\/\/blogdorogeriogomes.com.br\/wp-content\/uploads\/2021\/06\/Ricardo-Cavalcante.jpg\" alt=\"\" class=\"wp-image-21835\" srcset=\"https:\/\/blogdorogeriogomes.com.br\/noticias\/wp-content\/uploads\/2021\/06\/Ricardo-Cavalcante.jpg 418w, https:\/\/blogdorogeriogomes.com.br\/noticias\/wp-content\/uploads\/2021\/06\/Ricardo-Cavalcante-300x225.jpg 300w, https:\/\/blogdorogeriogomes.com.br\/noticias\/wp-content\/uploads\/2021\/06\/Ricardo-Cavalcante-400x300.jpg 400w\" sizes=\"auto, (max-width: 418px) 100vw, 418px\" \/><\/figure>\n","protected":false},"excerpt":{"rendered":"<p>O presidente da Federa\u00e7\u00e3o das Ind\u00fastrias do Estado do Cear\u00e1 (Fiec), Ricardo Cavalcante, teve o mandato prorrogado at\u00e9 2027. Toda a diretoria teve mais tr\u00eas anos de prorroga\u00e7\u00e3o de mandato, de acordo com decis\u00e3o da assembleia geral do Conselho de Representantes da&nbsp;Fiec. &#8220;A proposta do Conselho se baseia em relevantes quest\u00f5es, como o alinhamento ao per\u00edodo de mandato da diretoria da Confedera\u00e7\u00e3o Nacional da Ind\u00fastria (CNI), assim como ao per\u00edodo de trabalho fortemente impactado pela pandemia da Covid-19, e&hellip;<\/p>\n","protected":false},"author":1,"featured_media":21835,"comment_status":"open","ping_status":"open","sticky":false,"template":"","format":"standard","meta":{"footnotes":""},"categories":[1],"tags":[],"class_list":["post-21834","post","type-post","status-publish","format-standard","has-post-thumbnail","hentry","category-noticias"],"_links":{"self":[{"href":"https:\/\/blogdorogeriogomes.com.br\/noticias\/wp-json\/wp\/v2\/posts\/21834","targetHints":{"allow":["GET"]}}],"collection":[{"href":"https:\/\/blogdorogeriogomes.com.br\/noticias\/wp-json\/wp\/v2\/posts"}],"about":[{"href":"https:\/\/blogdorogeriogomes.com.br\/noticias\/wp-json\/wp\/v2\/types\/post"}],"author":[{"embeddable":true,"href":"https:\/\/blogdorogeriogomes.com.br\/noticias\/wp-json\/wp\/v2\/users\/1"}],"replies":[{"embeddable":true,"href":"https:\/\/blogdorogeriogomes.com.br\/noticias\/wp-json\/wp\/v2\/comments?post=21834"}],"version-history":[{"count":2,"href":"https:\/\/blogdorogeriogomes.com.br\/noticias\/wp-json\/wp\/v2\/posts\/21834\/revisions"}],"predecessor-version":[{"id":21857,"href":"https:\/\/blogdorogeriogomes.com.br\/noticias\/wp-json\/wp\/v2\/posts\/21834\/revisions\/21857"}],"wp:featuredmedia":[{"embeddable":true,"href":"https:\/\/blogdorogeriogomes.com.br\/noticias\/wp-json\/wp\/v2\/media\/21835"}],"wp:attachment":[{"href":"https:\/\/blogdorogeriogomes.com.br\/noticias\/wp-json\/wp\/v2\/media?parent=21834"}],"wp:term":[{"taxonomy":"category","embeddable":true,"href":"https:\/\/blogdorogeriogomes.com.br\/noticias\/wp-json\/wp\/v2\/categories?post=21834"},{"taxonomy":"post_tag","embeddable":true,"href":"https:\/\/blogdorogeriogomes.com.br\/noticias\/wp-json\/wp\/v2\/tags?post=21834"}],"curies":[{"name":"wp","href":"https:\/\/api.w.org\/{rel}","templated":true}]}}