{"id":21838,"date":"2021-06-30T18:18:11","date_gmt":"2021-06-30T18:18:11","guid":{"rendered":"https:\/\/blogdorogeriogomes.com.br\/?p=21838"},"modified":"2021-07-01T10:25:53","modified_gmt":"2021-07-01T10:25:53","slug":"novo-superintendente-do-sistema-estadual-de-atendimento-socioeducativo-foi-empossado-nesta-quarta-feira","status":"publish","type":"post","link":"https:\/\/blogdorogeriogomes.com.br\/noticias\/2021\/06\/novo-superintendente-do-sistema-estadual-de-atendimento-socioeducativo-foi-empossado-nesta-quarta-feira\/","title":{"rendered":"Novo superintendente do Sistema Estadual de Atendimento Socioeducativo foi empossado nesta quarta-feira"},"content":{"rendered":"\n<p>O soci\u00f3logo Roberto Bassan Peixoto (foto) e o advogado Alberto S\u00e9rgio Holanda Banhos foram empossados, nesta quarta-feira, dia 30 de junho, como Superintendente e Superintendente Adjunto, respectivamente, da Superintend\u00eancia do Sistema Estadual de Atendimento Socioeducativo (Seas).&nbsp;<\/p>\n\n\n\n<p>A solenidade, dentro das comemora\u00e7\u00f5es dos cinco anos da Seas, na modalidade virtual, teve a participa\u00e7\u00e3o da vice-governadora do Estado do Cear\u00e1, Izolda Cela, da secret\u00e1ria da Prote\u00e7\u00e3o Social, Justi\u00e7a, Mulheres e Direitos Humanos, Socorro Fran\u00e7a, bem como de outras autoridades que comp\u00f5em os poderes Executivo, Legislativo e Judici\u00e1rio.<\/p>\n\n\n\n<figure class=\"wp-block-image size-large\"><img loading=\"lazy\" decoding=\"async\" width=\"682\" height=\"1024\" src=\"https:\/\/blogdorogeriogomes.com.br\/wp-content\/uploads\/2021\/06\/IMG-20210630-WA0046-682x1024.jpg\" alt=\"\" class=\"wp-image-21839\" srcset=\"https:\/\/blogdorogeriogomes.com.br\/noticias\/wp-content\/uploads\/2021\/06\/IMG-20210630-WA0046-682x1024.jpg 682w, https:\/\/blogdorogeriogomes.com.br\/noticias\/wp-content\/uploads\/2021\/06\/IMG-20210630-WA0046-200x300.jpg 200w, https:\/\/blogdorogeriogomes.com.br\/noticias\/wp-content\/uploads\/2021\/06\/IMG-20210630-WA0046-768x1152.jpg 768w, https:\/\/blogdorogeriogomes.com.br\/noticias\/wp-content\/uploads\/2021\/06\/IMG-20210630-WA0046-800x1200.jpg 800w, https:\/\/blogdorogeriogomes.com.br\/noticias\/wp-content\/uploads\/2021\/06\/IMG-20210630-WA0046.jpg 853w\" sizes=\"auto, (max-width: 682px) 100vw, 682px\" \/><\/figure>\n","protected":false},"excerpt":{"rendered":"<p>O soci\u00f3logo Roberto Bassan Peixoto (foto) e o advogado Alberto S\u00e9rgio Holanda Banhos foram empossados, nesta quarta-feira, dia 30 de junho, como Superintendente e Superintendente Adjunto, respectivamente, da Superintend\u00eancia do Sistema Estadual de Atendimento Socioeducativo (Seas).&nbsp; A solenidade, dentro das comemora\u00e7\u00f5es dos cinco anos da Seas, na modalidade virtual, teve a participa\u00e7\u00e3o da vice-governadora do Estado do Cear\u00e1, Izolda Cela, da secret\u00e1ria da Prote\u00e7\u00e3o Social, Justi\u00e7a, Mulheres e Direitos Humanos, Socorro Fran\u00e7a, bem como de outras autoridades que comp\u00f5em&hellip;<\/p>\n","protected":false},"author":1,"featured_media":21839,"comment_status":"open","ping_status":"open","sticky":false,"template":"","format":"standard","meta":{"footnotes":""},"categories":[1],"tags":[],"class_list":["post-21838","post","type-post","status-publish","format-standard","has-post-thumbnail","hentry","category-noticias"],"_links":{"self":[{"href":"https:\/\/blogdorogeriogomes.com.br\/noticias\/wp-json\/wp\/v2\/posts\/21838","targetHints":{"allow":["GET"]}}],"collection":[{"href":"https:\/\/blogdorogeriogomes.com.br\/noticias\/wp-json\/wp\/v2\/posts"}],"about":[{"href":"https:\/\/blogdorogeriogomes.com.br\/noticias\/wp-json\/wp\/v2\/types\/post"}],"author":[{"embeddable":true,"href":"https:\/\/blogdorogeriogomes.com.br\/noticias\/wp-json\/wp\/v2\/users\/1"}],"replies":[{"embeddable":true,"href":"https:\/\/blogdorogeriogomes.com.br\/noticias\/wp-json\/wp\/v2\/comments?post=21838"}],"version-history":[{"count":2,"href":"https:\/\/blogdorogeriogomes.com.br\/noticias\/wp-json\/wp\/v2\/posts\/21838\/revisions"}],"predecessor-version":[{"id":21856,"href":"https:\/\/blogdorogeriogomes.com.br\/noticias\/wp-json\/wp\/v2\/posts\/21838\/revisions\/21856"}],"wp:featuredmedia":[{"embeddable":true,"href":"https:\/\/blogdorogeriogomes.com.br\/noticias\/wp-json\/wp\/v2\/media\/21839"}],"wp:attachment":[{"href":"https:\/\/blogdorogeriogomes.com.br\/noticias\/wp-json\/wp\/v2\/media?parent=21838"}],"wp:term":[{"taxonomy":"category","embeddable":true,"href":"https:\/\/blogdorogeriogomes.com.br\/noticias\/wp-json\/wp\/v2\/categories?post=21838"},{"taxonomy":"post_tag","embeddable":true,"href":"https:\/\/blogdorogeriogomes.com.br\/noticias\/wp-json\/wp\/v2\/tags?post=21838"}],"curies":[{"name":"wp","href":"https:\/\/api.w.org\/{rel}","templated":true}]}}