{"id":21845,"date":"2021-06-30T23:58:07","date_gmt":"2021-06-30T23:58:07","guid":{"rendered":"https:\/\/blogdorogeriogomes.com.br\/?p=21845"},"modified":"2021-07-01T10:25:57","modified_gmt":"2021-07-01T10:25:57","slug":"numero-de-vacinados-contra-covid-19-em-fortaleza-supera-1-milhao-e-100-mil-pessoas","status":"publish","type":"post","link":"https:\/\/blogdorogeriogomes.com.br\/noticias\/2021\/06\/numero-de-vacinados-contra-covid-19-em-fortaleza-supera-1-milhao-e-100-mil-pessoas\/","title":{"rendered":"N\u00famero de vacinados contra Covid-19 em Fortaleza supera 1 milh\u00e3o e 100 mil pessoas"},"content":{"rendered":"\n<p>O n\u00famero de pessoas que receberam a primeira dose da vacina contra a Covid-19 chegou a 1.123.423. Deste total, 349.736 tamb\u00e9m tomaram a segunda dose, de acordo com o balan\u00e7o divulgado nesta quarta-feira, dia 30 de junho, pelo coordenador da Rede de Aten\u00e7\u00e3o Prim\u00e1ria e Psicossocial, Erlemus Soares.<br>A campanha de vacina\u00e7\u00e3o contra Covid-19 chegou ao p\u00fablico na faixa et\u00e1ria de 35 anos e tamb\u00e9m est\u00e1 sendo antecipada pela Secretaria Municipal da Sa\u00fade, a vacina\u00e7\u00e3o de pessoas que tomaram a AstraZeneca e est\u00e3o com a segunda dose vencendo em julho.<br>Mais de 30 mil pessoas estavam agendadas para receber tanto a primeira quanto a segunda dose da vacina em Fortaleza, apenas nesta quarta-feira. Segundo Erlemus Soares, \u00e9 preciso ficar atento aos canais da Prefeitura e acompanhar o agendamento.<br>Novas listas foram publicadas pela Prefeitura de Fortaleza no site Coronav\u00edrus Fortaleza (coronavirus.fortaleza.ce.gov.br), com agendamentos at\u00e9 a pr\u00f3xima sexta-feira, dia 2 de julho, contemplando mais de 60 mil pessoas.<br>A Capital conta com 113 pontos de vacina\u00e7\u00e3o, sendo eles, 100 postos de sa\u00fade, quatro Cucas, tr\u00eas policl\u00ednicas, tr\u00eas shoppings, al\u00e9m do Sesi Parangaba, Castel\u00e3o e o Centro de Eventos.<\/p>\n\n\n\n<figure class=\"wp-block-image size-large\"><img loading=\"lazy\" decoding=\"async\" width=\"1024\" height=\"682\" src=\"https:\/\/blogdorogeriogomes.com.br\/wp-content\/uploads\/2021\/06\/IMG-20210630-WA0183-1024x682.jpg\" alt=\"\" class=\"wp-image-21846\" srcset=\"https:\/\/blogdorogeriogomes.com.br\/noticias\/wp-content\/uploads\/2021\/06\/IMG-20210630-WA0183-1024x682.jpg 1024w, https:\/\/blogdorogeriogomes.com.br\/noticias\/wp-content\/uploads\/2021\/06\/IMG-20210630-WA0183-300x200.jpg 300w, https:\/\/blogdorogeriogomes.com.br\/noticias\/wp-content\/uploads\/2021\/06\/IMG-20210630-WA0183-768x511.jpg 768w, https:\/\/blogdorogeriogomes.com.br\/noticias\/wp-content\/uploads\/2021\/06\/IMG-20210630-WA0183-800x533.jpg 800w, https:\/\/blogdorogeriogomes.com.br\/noticias\/wp-content\/uploads\/2021\/06\/IMG-20210630-WA0183.jpg 1200w\" sizes=\"auto, (max-width: 1024px) 100vw, 1024px\" \/><\/figure>\n","protected":false},"excerpt":{"rendered":"<p>O n\u00famero de pessoas que receberam a primeira dose da vacina contra a Covid-19 chegou a 1.123.423. Deste total, 349.736 tamb\u00e9m tomaram a segunda dose, de acordo com o balan\u00e7o divulgado nesta quarta-feira, dia 30 de junho, pelo coordenador da Rede de Aten\u00e7\u00e3o Prim\u00e1ria e Psicossocial, Erlemus Soares.A campanha de vacina\u00e7\u00e3o contra Covid-19 chegou ao p\u00fablico na faixa et\u00e1ria de 35 anos e tamb\u00e9m est\u00e1 sendo antecipada pela Secretaria Municipal da Sa\u00fade, a vacina\u00e7\u00e3o de pessoas que tomaram a&hellip;<\/p>\n","protected":false},"author":1,"featured_media":21846,"comment_status":"open","ping_status":"open","sticky":false,"template":"","format":"standard","meta":{"footnotes":""},"categories":[1],"tags":[],"class_list":["post-21845","post","type-post","status-publish","format-standard","has-post-thumbnail","hentry","category-noticias"],"_links":{"self":[{"href":"https:\/\/blogdorogeriogomes.com.br\/noticias\/wp-json\/wp\/v2\/posts\/21845","targetHints":{"allow":["GET"]}}],"collection":[{"href":"https:\/\/blogdorogeriogomes.com.br\/noticias\/wp-json\/wp\/v2\/posts"}],"about":[{"href":"https:\/\/blogdorogeriogomes.com.br\/noticias\/wp-json\/wp\/v2\/types\/post"}],"author":[{"embeddable":true,"href":"https:\/\/blogdorogeriogomes.com.br\/noticias\/wp-json\/wp\/v2\/users\/1"}],"replies":[{"embeddable":true,"href":"https:\/\/blogdorogeriogomes.com.br\/noticias\/wp-json\/wp\/v2\/comments?post=21845"}],"version-history":[{"count":1,"href":"https:\/\/blogdorogeriogomes.com.br\/noticias\/wp-json\/wp\/v2\/posts\/21845\/revisions"}],"predecessor-version":[{"id":21847,"href":"https:\/\/blogdorogeriogomes.com.br\/noticias\/wp-json\/wp\/v2\/posts\/21845\/revisions\/21847"}],"wp:featuredmedia":[{"embeddable":true,"href":"https:\/\/blogdorogeriogomes.com.br\/noticias\/wp-json\/wp\/v2\/media\/21846"}],"wp:attachment":[{"href":"https:\/\/blogdorogeriogomes.com.br\/noticias\/wp-json\/wp\/v2\/media?parent=21845"}],"wp:term":[{"taxonomy":"category","embeddable":true,"href":"https:\/\/blogdorogeriogomes.com.br\/noticias\/wp-json\/wp\/v2\/categories?post=21845"},{"taxonomy":"post_tag","embeddable":true,"href":"https:\/\/blogdorogeriogomes.com.br\/noticias\/wp-json\/wp\/v2\/tags?post=21845"}],"curies":[{"name":"wp","href":"https:\/\/api.w.org\/{rel}","templated":true}]}}