{"id":21858,"date":"2021-07-01T21:40:15","date_gmt":"2021-07-01T21:40:15","guid":{"rendered":"https:\/\/blogdorogeriogomes.com.br\/?p=21858"},"modified":"2021-07-02T10:53:48","modified_gmt":"2021-07-02T10:53:48","slug":"governo-do-ceara-assina-memorando-para-instalacao-de-centro-de-importacao-no-complexo-do-pecem","status":"publish","type":"post","link":"https:\/\/blogdorogeriogomes.com.br\/noticias\/2021\/07\/governo-do-ceara-assina-memorando-para-instalacao-de-centro-de-importacao-no-complexo-do-pecem\/","title":{"rendered":"Governo do Cear\u00e1 assina memorando para instala\u00e7\u00e3o de Centro de Importa\u00e7\u00e3o no Complexo do Pec\u00e9m"},"content":{"rendered":"\n<p>O Governo do Cear\u00e1&nbsp;assinou um memorando de entendimento com a Comexport Trading LTDA, empresa brasileira especializada em importa\u00e7\u00e3o e exporta\u00e7\u00e3o, para instala\u00e7\u00e3o de um Centro de Importa\u00e7\u00e3o no Complexo Industrial e Portu\u00e1rio do Pec\u00e9m, em S\u00e3o Gon\u00e7alo do Amarante (CE). A parceria, assinada com o governador Camilo Santana, vai possibilitar o desenvolvimento do Hub de Com\u00e9rcio Exterior no Cear\u00e1, que beneficiar\u00e1 diretamente&nbsp; empresas cearenses que n\u00e3o t\u00eam estrutura e capacidade para realizar opera\u00e7\u00f5es internacionais. \u201cSeguimos nossa luta para atrair novos investimentos e gerar mais empregos para os cearenses\u201d, disse Camilo.<\/p>\n\n\n\n<p>No Cear\u00e1, a Comexport vai atuar com importa\u00e7\u00f5es automotivas, de aeronaves executivas e equipamentos para ind\u00fastria e parques solares e e\u00f3licos. A proje\u00e7\u00e3o \u00e9 que o volume de opera\u00e7\u00f5es adicione 1% ao Produto Interno Bruto do Cear\u00e1.<\/p>\n\n\n\n<figure class=\"wp-block-image size-large\"><img loading=\"lazy\" decoding=\"async\" width=\"600\" height=\"234\" src=\"https:\/\/blogdorogeriogomes.com.br\/wp-content\/uploads\/2021\/07\/Pecem-Corte-1024x400-1-600x234-1.jpg\" alt=\"\" class=\"wp-image-21859\" srcset=\"https:\/\/blogdorogeriogomes.com.br\/noticias\/wp-content\/uploads\/2021\/07\/Pecem-Corte-1024x400-1-600x234-1.jpg 600w, https:\/\/blogdorogeriogomes.com.br\/noticias\/wp-content\/uploads\/2021\/07\/Pecem-Corte-1024x400-1-600x234-1-300x117.jpg 300w\" sizes=\"auto, (max-width: 600px) 100vw, 600px\" \/><\/figure>\n","protected":false},"excerpt":{"rendered":"<p>O Governo do Cear\u00e1&nbsp;assinou um memorando de entendimento com a Comexport Trading LTDA, empresa brasileira especializada em importa\u00e7\u00e3o e exporta\u00e7\u00e3o, para instala\u00e7\u00e3o de um Centro de Importa\u00e7\u00e3o no Complexo Industrial e Portu\u00e1rio do Pec\u00e9m, em S\u00e3o Gon\u00e7alo do Amarante (CE). A parceria, assinada com o governador Camilo Santana, vai possibilitar o desenvolvimento do Hub de Com\u00e9rcio Exterior no Cear\u00e1, que beneficiar\u00e1 diretamente&nbsp; empresas cearenses que n\u00e3o t\u00eam estrutura e capacidade para realizar opera\u00e7\u00f5es internacionais. \u201cSeguimos nossa luta para atrair&hellip;<\/p>\n","protected":false},"author":1,"featured_media":21859,"comment_status":"open","ping_status":"open","sticky":false,"template":"","format":"standard","meta":{"footnotes":""},"categories":[1],"tags":[],"class_list":["post-21858","post","type-post","status-publish","format-standard","has-post-thumbnail","hentry","category-noticias"],"_links":{"self":[{"href":"https:\/\/blogdorogeriogomes.com.br\/noticias\/wp-json\/wp\/v2\/posts\/21858","targetHints":{"allow":["GET"]}}],"collection":[{"href":"https:\/\/blogdorogeriogomes.com.br\/noticias\/wp-json\/wp\/v2\/posts"}],"about":[{"href":"https:\/\/blogdorogeriogomes.com.br\/noticias\/wp-json\/wp\/v2\/types\/post"}],"author":[{"embeddable":true,"href":"https:\/\/blogdorogeriogomes.com.br\/noticias\/wp-json\/wp\/v2\/users\/1"}],"replies":[{"embeddable":true,"href":"https:\/\/blogdorogeriogomes.com.br\/noticias\/wp-json\/wp\/v2\/comments?post=21858"}],"version-history":[{"count":2,"href":"https:\/\/blogdorogeriogomes.com.br\/noticias\/wp-json\/wp\/v2\/posts\/21858\/revisions"}],"predecessor-version":[{"id":21870,"href":"https:\/\/blogdorogeriogomes.com.br\/noticias\/wp-json\/wp\/v2\/posts\/21858\/revisions\/21870"}],"wp:featuredmedia":[{"embeddable":true,"href":"https:\/\/blogdorogeriogomes.com.br\/noticias\/wp-json\/wp\/v2\/media\/21859"}],"wp:attachment":[{"href":"https:\/\/blogdorogeriogomes.com.br\/noticias\/wp-json\/wp\/v2\/media?parent=21858"}],"wp:term":[{"taxonomy":"category","embeddable":true,"href":"https:\/\/blogdorogeriogomes.com.br\/noticias\/wp-json\/wp\/v2\/categories?post=21858"},{"taxonomy":"post_tag","embeddable":true,"href":"https:\/\/blogdorogeriogomes.com.br\/noticias\/wp-json\/wp\/v2\/tags?post=21858"}],"curies":[{"name":"wp","href":"https:\/\/api.w.org\/{rel}","templated":true}]}}