{"id":21864,"date":"2021-07-02T09:20:54","date_gmt":"2021-07-02T09:20:54","guid":{"rendered":"https:\/\/blogdorogeriogomes.com.br\/?p=21864"},"modified":"2021-07-02T10:53:32","modified_gmt":"2021-07-02T10:53:32","slug":"decreto-estadual-de-calamidade-publica-por-causa-da-covid-19-foi-prorrogado-ate-o-fim-de-dezembro","status":"publish","type":"post","link":"https:\/\/blogdorogeriogomes.com.br\/noticias\/2021\/07\/decreto-estadual-de-calamidade-publica-por-causa-da-covid-19-foi-prorrogado-ate-o-fim-de-dezembro\/","title":{"rendered":"Decreto estadual de calamidade p\u00fablica por causa da Covid-19 foi prorrogado at\u00e9 o fim de dezembro"},"content":{"rendered":"\n<p>O decreto estadual de calamidade p\u00fablica em decorr\u00eancia da pandemia de Covid-19 foi prorrogado pela Assembleia Legislativa do Cear\u00e1 at\u00e9 o pr\u00f3ximo dia 31 de dezembro. Segundo o presidente da AL, Evandro Leit\u00e3o, a vacina\u00e7\u00e3o no Cear\u00e1 e as medidas de isolamento t\u00eam promovido uma melhora nos n\u00fameros da pandemia, mas ainda \u00e9 necess\u00e1rio manter cuidados de restri\u00e7\u00e3o social a fim de evitar um retorno da contamina\u00e7\u00e3o.<\/p>\n\n\n\n<p>Evandro Leit\u00e3o acrescenta que o Pacto contra o Coronav\u00edrus no Cear\u00e1, iniciativa da Casa em parceria com outras 15 institui\u00e7\u00f5es p\u00fablicas e privadas, lan\u00e7ado na semana passada, est\u00e1 iniciando suas as atividades com diversas a\u00e7\u00f5es, entre elas, o cadastramento da popula\u00e7\u00e3o no sistema para vacina\u00e7\u00e3o.<\/p>\n\n\n\n<figure class=\"wp-block-image size-large\"><img loading=\"lazy\" decoding=\"async\" width=\"1024\" height=\"576\" src=\"https:\/\/blogdorogeriogomes.com.br\/wp-content\/uploads\/2021\/07\/AL-CE-1024x576.jpg\" alt=\"\" class=\"wp-image-21865\" srcset=\"https:\/\/blogdorogeriogomes.com.br\/noticias\/wp-content\/uploads\/2021\/07\/AL-CE-1024x576.jpg 1024w, https:\/\/blogdorogeriogomes.com.br\/noticias\/wp-content\/uploads\/2021\/07\/AL-CE-300x169.jpg 300w, https:\/\/blogdorogeriogomes.com.br\/noticias\/wp-content\/uploads\/2021\/07\/AL-CE-768x432.jpg 768w, https:\/\/blogdorogeriogomes.com.br\/noticias\/wp-content\/uploads\/2021\/07\/AL-CE-800x450.jpg 800w, https:\/\/blogdorogeriogomes.com.br\/noticias\/wp-content\/uploads\/2021\/07\/AL-CE.jpg 1200w\" sizes=\"auto, (max-width: 1024px) 100vw, 1024px\" \/><\/figure>\n","protected":false},"excerpt":{"rendered":"<p>O decreto estadual de calamidade p\u00fablica em decorr\u00eancia da pandemia de Covid-19 foi prorrogado pela Assembleia Legislativa do Cear\u00e1 at\u00e9 o pr\u00f3ximo dia 31 de dezembro. Segundo o presidente da AL, Evandro Leit\u00e3o, a vacina\u00e7\u00e3o no Cear\u00e1 e as medidas de isolamento t\u00eam promovido uma melhora nos n\u00fameros da pandemia, mas ainda \u00e9 necess\u00e1rio manter cuidados de restri\u00e7\u00e3o social a fim de evitar um retorno da contamina\u00e7\u00e3o. Evandro Leit\u00e3o acrescenta que o Pacto contra o Coronav\u00edrus no Cear\u00e1, iniciativa&hellip;<\/p>\n","protected":false},"author":1,"featured_media":21865,"comment_status":"open","ping_status":"open","sticky":false,"template":"","format":"standard","meta":{"footnotes":""},"categories":[1],"tags":[],"class_list":["post-21864","post","type-post","status-publish","format-standard","has-post-thumbnail","hentry","category-noticias"],"_links":{"self":[{"href":"https:\/\/blogdorogeriogomes.com.br\/noticias\/wp-json\/wp\/v2\/posts\/21864","targetHints":{"allow":["GET"]}}],"collection":[{"href":"https:\/\/blogdorogeriogomes.com.br\/noticias\/wp-json\/wp\/v2\/posts"}],"about":[{"href":"https:\/\/blogdorogeriogomes.com.br\/noticias\/wp-json\/wp\/v2\/types\/post"}],"author":[{"embeddable":true,"href":"https:\/\/blogdorogeriogomes.com.br\/noticias\/wp-json\/wp\/v2\/users\/1"}],"replies":[{"embeddable":true,"href":"https:\/\/blogdorogeriogomes.com.br\/noticias\/wp-json\/wp\/v2\/comments?post=21864"}],"version-history":[{"count":1,"href":"https:\/\/blogdorogeriogomes.com.br\/noticias\/wp-json\/wp\/v2\/posts\/21864\/revisions"}],"predecessor-version":[{"id":21866,"href":"https:\/\/blogdorogeriogomes.com.br\/noticias\/wp-json\/wp\/v2\/posts\/21864\/revisions\/21866"}],"wp:featuredmedia":[{"embeddable":true,"href":"https:\/\/blogdorogeriogomes.com.br\/noticias\/wp-json\/wp\/v2\/media\/21865"}],"wp:attachment":[{"href":"https:\/\/blogdorogeriogomes.com.br\/noticias\/wp-json\/wp\/v2\/media?parent=21864"}],"wp:term":[{"taxonomy":"category","embeddable":true,"href":"https:\/\/blogdorogeriogomes.com.br\/noticias\/wp-json\/wp\/v2\/categories?post=21864"},{"taxonomy":"post_tag","embeddable":true,"href":"https:\/\/blogdorogeriogomes.com.br\/noticias\/wp-json\/wp\/v2\/tags?post=21864"}],"curies":[{"name":"wp","href":"https:\/\/api.w.org\/{rel}","templated":true}]}}