{"id":21867,"date":"2021-07-02T09:51:15","date_gmt":"2021-07-02T09:51:15","guid":{"rendered":"https:\/\/blogdorogeriogomes.com.br\/?p=21867"},"modified":"2021-07-02T10:53:23","modified_gmt":"2021-07-02T10:53:23","slug":"fortaleza-teve-madrugada-com-chuvas-e-previsao-e-de-precipitacoes-isoladas-em-regioes-do-ceara-nesta-sexta-feira","status":"publish","type":"post","link":"https:\/\/blogdorogeriogomes.com.br\/noticias\/2021\/07\/fortaleza-teve-madrugada-com-chuvas-e-previsao-e-de-precipitacoes-isoladas-em-regioes-do-ceara-nesta-sexta-feira\/","title":{"rendered":"Fortaleza teve madrugada com chuvas e previs\u00e3o \u00e9 de precipita\u00e7\u00f5es isoladas em regi\u00f5es do Cear\u00e1 nesta sexta-feira"},"content":{"rendered":"\n<p>A madrugada desta sexta-feira, dia 2 de julho, foi de chuva em Fortaleza e outros munic\u00edpios cearenses. As precipita\u00e7\u00f5es em julho, segundo a Funceme, s\u00e3o explicadas pelas chamadas \u201condas de leste\u201d, que atuam no Cear\u00e1 no per\u00edodo ap\u00f3s a esta\u00e7\u00e3o chuvosa, que termina em maio. No Estado, o balan\u00e7o de junho indica que o acumulado de chuvas ficou 56% abaixo da m\u00e9dia hist\u00f3rica.<\/p>\n\n\n\n<p>A previs\u00e3o da Funceme para esta sexta-feira \u00e9 que o c\u00e9u fique variando de parcialmente nublado a nublado com eventos de chuva no Centro-sul do Estado. Nas demais regi\u00f5es, chuva isolada. J\u00e1 no s\u00e1bado, dia 3, o \u00f3rg\u00e3o prev\u00ea c\u00e9u variando de parcialmente nublado a claro em todas as regi\u00f5es com possibilidade de chuva no Litoral do Pec\u00e9m, no Litoral de Fortaleza, no Maci\u00e7o de Baturit\u00e9, na regi\u00e3o Jaguaribana e no Cariri.<\/p>\n\n\n\n<figure class=\"wp-block-image size-large\"><img loading=\"lazy\" decoding=\"async\" width=\"643\" height=\"477\" src=\"https:\/\/blogdorogeriogomes.com.br\/wp-content\/uploads\/2021\/07\/images-86.jpeg\" alt=\"\" class=\"wp-image-21868\" srcset=\"https:\/\/blogdorogeriogomes.com.br\/noticias\/wp-content\/uploads\/2021\/07\/images-86.jpeg 643w, https:\/\/blogdorogeriogomes.com.br\/noticias\/wp-content\/uploads\/2021\/07\/images-86-300x223.jpeg 300w\" sizes=\"auto, (max-width: 643px) 100vw, 643px\" \/><\/figure>\n","protected":false},"excerpt":{"rendered":"<p>A madrugada desta sexta-feira, dia 2 de julho, foi de chuva em Fortaleza e outros munic\u00edpios cearenses. As precipita\u00e7\u00f5es em julho, segundo a Funceme, s\u00e3o explicadas pelas chamadas \u201condas de leste\u201d, que atuam no Cear\u00e1 no per\u00edodo ap\u00f3s a esta\u00e7\u00e3o chuvosa, que termina em maio. No Estado, o balan\u00e7o de junho indica que o acumulado de chuvas ficou 56% abaixo da m\u00e9dia hist\u00f3rica. A previs\u00e3o da Funceme para esta sexta-feira \u00e9 que o c\u00e9u fique variando de parcialmente nublado&hellip;<\/p>\n","protected":false},"author":1,"featured_media":21868,"comment_status":"open","ping_status":"open","sticky":false,"template":"","format":"standard","meta":{"footnotes":""},"categories":[1],"tags":[],"class_list":["post-21867","post","type-post","status-publish","format-standard","has-post-thumbnail","hentry","category-noticias"],"_links":{"self":[{"href":"https:\/\/blogdorogeriogomes.com.br\/noticias\/wp-json\/wp\/v2\/posts\/21867","targetHints":{"allow":["GET"]}}],"collection":[{"href":"https:\/\/blogdorogeriogomes.com.br\/noticias\/wp-json\/wp\/v2\/posts"}],"about":[{"href":"https:\/\/blogdorogeriogomes.com.br\/noticias\/wp-json\/wp\/v2\/types\/post"}],"author":[{"embeddable":true,"href":"https:\/\/blogdorogeriogomes.com.br\/noticias\/wp-json\/wp\/v2\/users\/1"}],"replies":[{"embeddable":true,"href":"https:\/\/blogdorogeriogomes.com.br\/noticias\/wp-json\/wp\/v2\/comments?post=21867"}],"version-history":[{"count":1,"href":"https:\/\/blogdorogeriogomes.com.br\/noticias\/wp-json\/wp\/v2\/posts\/21867\/revisions"}],"predecessor-version":[{"id":21869,"href":"https:\/\/blogdorogeriogomes.com.br\/noticias\/wp-json\/wp\/v2\/posts\/21867\/revisions\/21869"}],"wp:featuredmedia":[{"embeddable":true,"href":"https:\/\/blogdorogeriogomes.com.br\/noticias\/wp-json\/wp\/v2\/media\/21868"}],"wp:attachment":[{"href":"https:\/\/blogdorogeriogomes.com.br\/noticias\/wp-json\/wp\/v2\/media?parent=21867"}],"wp:term":[{"taxonomy":"category","embeddable":true,"href":"https:\/\/blogdorogeriogomes.com.br\/noticias\/wp-json\/wp\/v2\/categories?post=21867"},{"taxonomy":"post_tag","embeddable":true,"href":"https:\/\/blogdorogeriogomes.com.br\/noticias\/wp-json\/wp\/v2\/tags?post=21867"}],"curies":[{"name":"wp","href":"https:\/\/api.w.org\/{rel}","templated":true}]}}