{"id":21871,"date":"2021-07-02T18:35:36","date_gmt":"2021-07-02T18:35:36","guid":{"rendered":"https:\/\/blogdorogeriogomes.com.br\/?p=21871"},"modified":"2021-07-05T09:07:00","modified_gmt":"2021-07-05T09:07:00","slug":"sob-pressao-do-stf-a-pgr-de-augusto-aras-vai-investigar-se-houve-prevaricacao-de-jair-bolsonaro-em-caso-da-covaxin","status":"publish","type":"post","link":"https:\/\/blogdorogeriogomes.com.br\/noticias\/2021\/07\/sob-pressao-do-stf-a-pgr-de-augusto-aras-vai-investigar-se-houve-prevaricacao-de-jair-bolsonaro-em-caso-da-covaxin\/","title":{"rendered":"Sob press\u00e3o do STF, a PGR de Augusto Aras vai investigar se houve prevarica\u00e7\u00e3o de Jair Bolsonaro em caso da Covaxin"},"content":{"rendered":"\n<p>Sob press\u00e3o do Supremo Tribunal Federal (STF), a Procuradoria-Geral da Rep\u00fablica solicitou, nesta sexta-feira, dia 2 de julho, a abertura de inqu\u00e9rito para que seja apurado se o presidente Jair Bolsonaro cometeu crime de prevarica\u00e7\u00e3o no caso da compra de doses da vacina indiana Covaxin. A negocia\u00e7\u00e3o teria envolvido uma s\u00e9rie de irregularidades para aquisi\u00e7\u00e3o do imunizante. A equipe comandada pelo procurador-geral da Rep\u00fablica Augusto Aras tentou engavetar a suspeita de prevarica\u00e7\u00e3o, mas a ministra do STF, Rosa Weber, reagiu e disse que o Minist\u00e9rio P\u00fablico Federal n\u00e3o pode se comportar como &#8220;espectador das a\u00e7\u00f5es dos Poderes da Rep\u00fablica&#8221;.<br>Agora, em pedido feito pelo vice-procurador-geral da Rep\u00fablica, Humberto Jacques, a PGR pede que haja esclarecimento sobre a poss\u00edvel falta de interven\u00e7\u00e3o do presidente Jair Bolsonaro ao n\u00e3o determinar a investiga\u00e7\u00e3o das suspeitas de corrup\u00e7\u00e3o.<\/p>\n\n\n\n<p>A queixa-crime foi apresentada \u00e0 ministra do STF, Rosa Weber, que cobrou posicionamento da PGR diante das acusa\u00e7\u00f5es feitas pelo deputado federal Luis Miranda (DEM) na CPI da Covid-19, quando denunciou que Bolsonaro j\u00e1 sabia dos tramites envolvendo Minist\u00e9rio da Sa\u00fade e Covaxin. Al\u00e9m disso, Miranda tamb\u00e9m afirmou que Bolsonaro teria dito que seu l\u00edder do governo na C\u00e2mara dos Deputados, Ricardo Barros, estaria envolvido com o caso.<\/p>\n\n\n\n<p>Diante da press\u00e3o sobre o caso, o Minist\u00e9rio da Sa\u00fade suspendeu na \u00faltima ter\u00e7a-feira, dia 29 de junho, o contrato com a Covaxin. Segundo apontou o Minist\u00e9rio P\u00fablico Federal, a compra de 20 milh\u00f5es de doses foi feita no valor de R$ 1,6 bilh\u00e3o, sem prazo de entrega, num pre\u00e7o 1.000% mais caro do que o valor inicial.<\/p>\n\n\n\n<figure class=\"wp-block-image size-large\"><img loading=\"lazy\" decoding=\"async\" width=\"678\" height=\"452\" src=\"https:\/\/blogdorogeriogomes.com.br\/wp-content\/uploads\/2021\/07\/images-87.jpeg\" alt=\"\" class=\"wp-image-21872\" srcset=\"https:\/\/blogdorogeriogomes.com.br\/noticias\/wp-content\/uploads\/2021\/07\/images-87.jpeg 678w, https:\/\/blogdorogeriogomes.com.br\/noticias\/wp-content\/uploads\/2021\/07\/images-87-300x200.jpeg 300w\" sizes=\"auto, (max-width: 678px) 100vw, 678px\" \/><\/figure>\n","protected":false},"excerpt":{"rendered":"<p>Sob press\u00e3o do Supremo Tribunal Federal (STF), a Procuradoria-Geral da Rep\u00fablica solicitou, nesta sexta-feira, dia 2 de julho, a abertura de inqu\u00e9rito para que seja apurado se o presidente Jair Bolsonaro cometeu crime de prevarica\u00e7\u00e3o no caso da compra de doses da vacina indiana Covaxin. A negocia\u00e7\u00e3o teria envolvido uma s\u00e9rie de irregularidades para aquisi\u00e7\u00e3o do imunizante. A equipe comandada pelo procurador-geral da Rep\u00fablica Augusto Aras tentou engavetar a suspeita de prevarica\u00e7\u00e3o, mas a ministra do STF, Rosa Weber,&hellip;<\/p>\n","protected":false},"author":1,"featured_media":21872,"comment_status":"open","ping_status":"open","sticky":false,"template":"","format":"standard","meta":{"footnotes":""},"categories":[1],"tags":[],"class_list":["post-21871","post","type-post","status-publish","format-standard","has-post-thumbnail","hentry","category-noticias"],"_links":{"self":[{"href":"https:\/\/blogdorogeriogomes.com.br\/noticias\/wp-json\/wp\/v2\/posts\/21871","targetHints":{"allow":["GET"]}}],"collection":[{"href":"https:\/\/blogdorogeriogomes.com.br\/noticias\/wp-json\/wp\/v2\/posts"}],"about":[{"href":"https:\/\/blogdorogeriogomes.com.br\/noticias\/wp-json\/wp\/v2\/types\/post"}],"author":[{"embeddable":true,"href":"https:\/\/blogdorogeriogomes.com.br\/noticias\/wp-json\/wp\/v2\/users\/1"}],"replies":[{"embeddable":true,"href":"https:\/\/blogdorogeriogomes.com.br\/noticias\/wp-json\/wp\/v2\/comments?post=21871"}],"version-history":[{"count":1,"href":"https:\/\/blogdorogeriogomes.com.br\/noticias\/wp-json\/wp\/v2\/posts\/21871\/revisions"}],"predecessor-version":[{"id":21873,"href":"https:\/\/blogdorogeriogomes.com.br\/noticias\/wp-json\/wp\/v2\/posts\/21871\/revisions\/21873"}],"wp:featuredmedia":[{"embeddable":true,"href":"https:\/\/blogdorogeriogomes.com.br\/noticias\/wp-json\/wp\/v2\/media\/21872"}],"wp:attachment":[{"href":"https:\/\/blogdorogeriogomes.com.br\/noticias\/wp-json\/wp\/v2\/media?parent=21871"}],"wp:term":[{"taxonomy":"category","embeddable":true,"href":"https:\/\/blogdorogeriogomes.com.br\/noticias\/wp-json\/wp\/v2\/categories?post=21871"},{"taxonomy":"post_tag","embeddable":true,"href":"https:\/\/blogdorogeriogomes.com.br\/noticias\/wp-json\/wp\/v2\/tags?post=21871"}],"curies":[{"name":"wp","href":"https:\/\/api.w.org\/{rel}","templated":true}]}}