{"id":21874,"date":"2021-07-02T21:24:42","date_gmt":"2021-07-02T21:24:42","guid":{"rendered":"https:\/\/blogdorogeriogomes.com.br\/?p=21874"},"modified":"2021-07-05T09:06:47","modified_gmt":"2021-07-05T09:06:47","slug":"secretaria-da-saude-do-estado-nega-aplicacao-de-doses-vencidas-da-astrazeneca-no-ceara","status":"publish","type":"post","link":"https:\/\/blogdorogeriogomes.com.br\/noticias\/2021\/07\/secretaria-da-saude-do-estado-nega-aplicacao-de-doses-vencidas-da-astrazeneca-no-ceara\/","title":{"rendered":"Secretaria da Sa\u00fade do Estado nega aplica\u00e7\u00e3o de doses vencidas da AstraZeneca no Cear\u00e1"},"content":{"rendered":"\n<p>O Governo do Cear\u00e1 negou nesta sexta-feira, dia 2 de julho, por meio de nota da Secretaria da Sa\u00fade do Cear\u00e1 (Sesa), que o Estado tenha distribu\u00eddo doses de vacina contra Covid-19 fora da validade. Segundo reportagem da Folha de S. Paulo, dados do Minist\u00e9rio da Sa\u00fade apontaram cerca de 26 mil doses da AstraZeneca aplicadas ap\u00f3s o vencimento no Brasil. A apura\u00e7\u00e3o apontou cerca de 700 doses vencidas aplicadas em 60 munic\u00edpios cearenses.<\/p>\n\n\n\n<p>A secretaria esclarece que recebeu dois lotes de imunizantes dentre os citados pela mat\u00e9ria da Folha (4120Z005 com vencimento em 14 de abril de 2021 e CTMAV505 com vencimento em 31 de maio de 2021), mas que distribuiu os imunizantes a todos os 184 munic\u00edpios do Cear\u00e1 em helic\u00f3pteros, avi\u00f5es e caminh\u00f5es, dentro do prazo. &#8220;A Sesa controla o envio das vacinas at\u00e9 sair da Central de Armazenamento e Distribui\u00e7\u00e3o (Ceadim) do Estado e orienta os munic\u00edpios sobre a validade das vacinas&#8221;, informa a nota.<\/p>\n\n\n\n<p>Ainda segundo o governo estadual, o pr\u00f3prio Minist\u00e9rio da Sa\u00fade alertou que houve erro na embalagem das doses do lote CTMAV505, e que na verdade a vacina seria v\u00e1lida at\u00e9 2022.<\/p>\n\n\n\n<p>&#8220;Apesar de as doses terem vindo direto do laborat\u00f3rio produtor (AstraZeneca), nas embalagens prim\u00e1ria e secund\u00e1ria consta vencimento em 31\/05\/2021. No entanto, nas notas de fornecimentos do Sistema de Insumos Estrat\u00e9gicos em Sa\u00fade (Sies), do MS, o prazo de validade est\u00e1 31\/5\/2022. A informa\u00e7\u00e3o da Rede de Frio Nacional \u00e9 de que a validade correta \u00e9 31\/05\/2022&#8221;, detalhou a pasta.<\/p>\n\n\n\n<figure class=\"wp-block-image size-large\"><img loading=\"lazy\" decoding=\"async\" width=\"678\" height=\"452\" src=\"https:\/\/blogdorogeriogomes.com.br\/wp-content\/uploads\/2021\/07\/images-88.jpeg\" alt=\"\" class=\"wp-image-21875\" srcset=\"https:\/\/blogdorogeriogomes.com.br\/noticias\/wp-content\/uploads\/2021\/07\/images-88.jpeg 678w, https:\/\/blogdorogeriogomes.com.br\/noticias\/wp-content\/uploads\/2021\/07\/images-88-300x200.jpeg 300w\" sizes=\"auto, (max-width: 678px) 100vw, 678px\" \/><\/figure>\n","protected":false},"excerpt":{"rendered":"<p>O Governo do Cear\u00e1 negou nesta sexta-feira, dia 2 de julho, por meio de nota da Secretaria da Sa\u00fade do Cear\u00e1 (Sesa), que o Estado tenha distribu\u00eddo doses de vacina contra Covid-19 fora da validade. Segundo reportagem da Folha de S. Paulo, dados do Minist\u00e9rio da Sa\u00fade apontaram cerca de 26 mil doses da AstraZeneca aplicadas ap\u00f3s o vencimento no Brasil. A apura\u00e7\u00e3o apontou cerca de 700 doses vencidas aplicadas em 60 munic\u00edpios cearenses. A secretaria esclarece que recebeu&hellip;<\/p>\n","protected":false},"author":1,"featured_media":21875,"comment_status":"open","ping_status":"open","sticky":false,"template":"","format":"standard","meta":{"footnotes":""},"categories":[1],"tags":[],"class_list":["post-21874","post","type-post","status-publish","format-standard","has-post-thumbnail","hentry","category-noticias"],"_links":{"self":[{"href":"https:\/\/blogdorogeriogomes.com.br\/noticias\/wp-json\/wp\/v2\/posts\/21874","targetHints":{"allow":["GET"]}}],"collection":[{"href":"https:\/\/blogdorogeriogomes.com.br\/noticias\/wp-json\/wp\/v2\/posts"}],"about":[{"href":"https:\/\/blogdorogeriogomes.com.br\/noticias\/wp-json\/wp\/v2\/types\/post"}],"author":[{"embeddable":true,"href":"https:\/\/blogdorogeriogomes.com.br\/noticias\/wp-json\/wp\/v2\/users\/1"}],"replies":[{"embeddable":true,"href":"https:\/\/blogdorogeriogomes.com.br\/noticias\/wp-json\/wp\/v2\/comments?post=21874"}],"version-history":[{"count":1,"href":"https:\/\/blogdorogeriogomes.com.br\/noticias\/wp-json\/wp\/v2\/posts\/21874\/revisions"}],"predecessor-version":[{"id":21876,"href":"https:\/\/blogdorogeriogomes.com.br\/noticias\/wp-json\/wp\/v2\/posts\/21874\/revisions\/21876"}],"wp:featuredmedia":[{"embeddable":true,"href":"https:\/\/blogdorogeriogomes.com.br\/noticias\/wp-json\/wp\/v2\/media\/21875"}],"wp:attachment":[{"href":"https:\/\/blogdorogeriogomes.com.br\/noticias\/wp-json\/wp\/v2\/media?parent=21874"}],"wp:term":[{"taxonomy":"category","embeddable":true,"href":"https:\/\/blogdorogeriogomes.com.br\/noticias\/wp-json\/wp\/v2\/categories?post=21874"},{"taxonomy":"post_tag","embeddable":true,"href":"https:\/\/blogdorogeriogomes.com.br\/noticias\/wp-json\/wp\/v2\/tags?post=21874"}],"curies":[{"name":"wp","href":"https:\/\/api.w.org\/{rel}","templated":true}]}}