{"id":21877,"date":"2021-07-03T10:44:08","date_gmt":"2021-07-03T10:44:08","guid":{"rendered":"https:\/\/blogdorogeriogomes.com.br\/?p=21877"},"modified":"2021-07-05T09:06:33","modified_gmt":"2021-07-05T09:06:33","slug":"camilo-santana-anuncia-convocacao-de-204-bombeiros-militares-aprovados-no-ultimo-concurso","status":"publish","type":"post","link":"https:\/\/blogdorogeriogomes.com.br\/noticias\/2021\/07\/camilo-santana-anuncia-convocacao-de-204-bombeiros-militares-aprovados-no-ultimo-concurso\/","title":{"rendered":"Camilo Santana anuncia convoca\u00e7\u00e3o de 204 bombeiros militares aprovados no \u00faltimo concurso"},"content":{"rendered":"\n<p>O governador Camilo Santana anunciou nesta sexta-feira, dia 2 de julho, a convoca\u00e7\u00e3o de 204 aprovados no \u00faltimo concurso do Corpo de Bombeiros Militar do Cear\u00e1. Camilo tamb\u00e9m entregou novas viaturas e equipamentos para a Corpora\u00e7\u00e3o.<br>A convoca\u00e7\u00e3o dos aprovados aconteceu no dia nacional dos bombeiros e, segundo o governador, o investimento total \u00e9 superior a R$ 6,6 milh\u00f5es, provenientes de uma parceria entre o Governo do Cear\u00e1 com o Minist\u00e9rio da Justi\u00e7a e Seguran\u00e7a P\u00fablica.<br>O chefe do Executivo Estadual entregou nove viaturas tipo Pick up, cinco ve\u00edculos Auto Bomba Tanque e Salvamento, 14 kits de desencarceramento e 109 equipamentos de Prote\u00e7\u00e3o Respirat\u00f3ria Aut\u00f4noma.<br><\/p>\n\n\n\n<figure class=\"wp-block-image size-large\"><img loading=\"lazy\" decoding=\"async\" width=\"1024\" height=\"683\" src=\"https:\/\/blogdorogeriogomes.com.br\/wp-content\/uploads\/2021\/07\/IMG-20210702-WA0133-1024x683.jpg\" alt=\"\" class=\"wp-image-21878\" srcset=\"https:\/\/blogdorogeriogomes.com.br\/noticias\/wp-content\/uploads\/2021\/07\/IMG-20210702-WA0133-1024x683.jpg 1024w, https:\/\/blogdorogeriogomes.com.br\/noticias\/wp-content\/uploads\/2021\/07\/IMG-20210702-WA0133-300x200.jpg 300w, https:\/\/blogdorogeriogomes.com.br\/noticias\/wp-content\/uploads\/2021\/07\/IMG-20210702-WA0133-768x512.jpg 768w, https:\/\/blogdorogeriogomes.com.br\/noticias\/wp-content\/uploads\/2021\/07\/IMG-20210702-WA0133-800x534.jpg 800w, https:\/\/blogdorogeriogomes.com.br\/noticias\/wp-content\/uploads\/2021\/07\/IMG-20210702-WA0133.jpg 1280w\" sizes=\"auto, (max-width: 1024px) 100vw, 1024px\" \/><\/figure>\n","protected":false},"excerpt":{"rendered":"<p>O governador Camilo Santana anunciou nesta sexta-feira, dia 2 de julho, a convoca\u00e7\u00e3o de 204 aprovados no \u00faltimo concurso do Corpo de Bombeiros Militar do Cear\u00e1. Camilo tamb\u00e9m entregou novas viaturas e equipamentos para a Corpora\u00e7\u00e3o.A convoca\u00e7\u00e3o dos aprovados aconteceu no dia nacional dos bombeiros e, segundo o governador, o investimento total \u00e9 superior a R$ 6,6 milh\u00f5es, provenientes de uma parceria entre o Governo do Cear\u00e1 com o Minist\u00e9rio da Justi\u00e7a e Seguran\u00e7a P\u00fablica.O chefe do Executivo Estadual&hellip;<\/p>\n","protected":false},"author":1,"featured_media":21878,"comment_status":"open","ping_status":"open","sticky":false,"template":"","format":"standard","meta":{"footnotes":""},"categories":[1],"tags":[],"class_list":["post-21877","post","type-post","status-publish","format-standard","has-post-thumbnail","hentry","category-noticias"],"_links":{"self":[{"href":"https:\/\/blogdorogeriogomes.com.br\/noticias\/wp-json\/wp\/v2\/posts\/21877","targetHints":{"allow":["GET"]}}],"collection":[{"href":"https:\/\/blogdorogeriogomes.com.br\/noticias\/wp-json\/wp\/v2\/posts"}],"about":[{"href":"https:\/\/blogdorogeriogomes.com.br\/noticias\/wp-json\/wp\/v2\/types\/post"}],"author":[{"embeddable":true,"href":"https:\/\/blogdorogeriogomes.com.br\/noticias\/wp-json\/wp\/v2\/users\/1"}],"replies":[{"embeddable":true,"href":"https:\/\/blogdorogeriogomes.com.br\/noticias\/wp-json\/wp\/v2\/comments?post=21877"}],"version-history":[{"count":1,"href":"https:\/\/blogdorogeriogomes.com.br\/noticias\/wp-json\/wp\/v2\/posts\/21877\/revisions"}],"predecessor-version":[{"id":21879,"href":"https:\/\/blogdorogeriogomes.com.br\/noticias\/wp-json\/wp\/v2\/posts\/21877\/revisions\/21879"}],"wp:featuredmedia":[{"embeddable":true,"href":"https:\/\/blogdorogeriogomes.com.br\/noticias\/wp-json\/wp\/v2\/media\/21878"}],"wp:attachment":[{"href":"https:\/\/blogdorogeriogomes.com.br\/noticias\/wp-json\/wp\/v2\/media?parent=21877"}],"wp:term":[{"taxonomy":"category","embeddable":true,"href":"https:\/\/blogdorogeriogomes.com.br\/noticias\/wp-json\/wp\/v2\/categories?post=21877"},{"taxonomy":"post_tag","embeddable":true,"href":"https:\/\/blogdorogeriogomes.com.br\/noticias\/wp-json\/wp\/v2\/tags?post=21877"}],"curies":[{"name":"wp","href":"https:\/\/api.w.org\/{rel}","templated":true}]}}