{"id":21883,"date":"2021-07-04T12:17:16","date_gmt":"2021-07-04T12:17:16","guid":{"rendered":"https:\/\/blogdorogeriogomes.com.br\/?p=21883"},"modified":"2021-07-05T09:06:09","modified_gmt":"2021-07-05T09:06:09","slug":"manifestantes-voltam-as-ruas-para-pedir-por-mais-vacinas-e-pelo-fora-bolsonaro","status":"publish","type":"post","link":"https:\/\/blogdorogeriogomes.com.br\/noticias\/2021\/07\/manifestantes-voltam-as-ruas-para-pedir-por-mais-vacinas-e-pelo-fora-bolsonaro\/","title":{"rendered":"Manifestantes voltam \u00e0s ruas para pedir por mais vacinas e pelo &#8220;Fora Bolsonaro&#8221;"},"content":{"rendered":"\n<p>Manifestantes em v\u00e1rias cidades brasileiras e tamb\u00e9m no Exterior voltaram \u00e0s ruas, neste s\u00e1bado, dia 3 de julho, para pedir por mais vacinas contra a Covid-19 e por ades\u00e3o pelo &#8220;Fora Bolsonaro&#8221;. Em Fortaleza, o protesto reuniu centrais sindicais, movimentos sociais e sociedade civil na Pra\u00e7a Portugal, no bairro Aldeota.&nbsp;Os manifestantes sa\u00edram em passeata desde a Praia de Iracema.<\/p>\n\n\n\n<p>Com o avan\u00e7o das investiga\u00e7\u00f5es da CPI da Covid no Senado Federal, os protestos v\u00e3o ganhando em ades\u00e3o pelo Pa\u00eds. As den\u00fancias de corrup\u00e7\u00e3o na compra de vacinas pelo Governo Federal colocam mais press\u00e3o pela abertura de um processo de impeachment contra o presidente Jair Bolsonaro.<\/p>\n\n\n\n<p>S\u00e3o Paulo, Bras\u00edlia e Rio de Janeiro (foto) registraram as maiores concentra\u00e7\u00f5es de manifestantes. Na Capital paulista houve confrontos de v\u00e2ndalos com a Pol\u00edcia Militar no fim do protesto que se mostrou pac\u00edfico ao longo da tarde de s\u00e1bado. <\/p>\n\n\n\n<p>O fato \u00e9 que o ronco das ruas est\u00e1 de volta e p\u00f5e cada vez mais press\u00e3o no Governo Federal, que se mostra acuado diante de den\u00fancias de irregularidades e pela m\u00e1 condu\u00e7\u00e3o da pandemia da Covid-19.<\/p>\n\n\n\n<figure class=\"wp-block-image size-large\"><img loading=\"lazy\" decoding=\"async\" width=\"820\" height=\"461\" src=\"https:\/\/blogdorogeriogomes.com.br\/wp-content\/uploads\/2021\/07\/protesto_bolsonaro_rio_de_janeiro_foto_reproducao_twitter-16300589.png\" alt=\"\" class=\"wp-image-21884\" srcset=\"https:\/\/blogdorogeriogomes.com.br\/noticias\/wp-content\/uploads\/2021\/07\/protesto_bolsonaro_rio_de_janeiro_foto_reproducao_twitter-16300589.png 820w, https:\/\/blogdorogeriogomes.com.br\/noticias\/wp-content\/uploads\/2021\/07\/protesto_bolsonaro_rio_de_janeiro_foto_reproducao_twitter-16300589-300x169.png 300w, https:\/\/blogdorogeriogomes.com.br\/noticias\/wp-content\/uploads\/2021\/07\/protesto_bolsonaro_rio_de_janeiro_foto_reproducao_twitter-16300589-768x432.png 768w, https:\/\/blogdorogeriogomes.com.br\/noticias\/wp-content\/uploads\/2021\/07\/protesto_bolsonaro_rio_de_janeiro_foto_reproducao_twitter-16300589-800x450.png 800w\" sizes=\"auto, (max-width: 820px) 100vw, 820px\" \/><\/figure>\n","protected":false},"excerpt":{"rendered":"<p>Manifestantes em v\u00e1rias cidades brasileiras e tamb\u00e9m no Exterior voltaram \u00e0s ruas, neste s\u00e1bado, dia 3 de julho, para pedir por mais vacinas contra a Covid-19 e por ades\u00e3o pelo &#8220;Fora Bolsonaro&#8221;. Em Fortaleza, o protesto reuniu centrais sindicais, movimentos sociais e sociedade civil na Pra\u00e7a Portugal, no bairro Aldeota.&nbsp;Os manifestantes sa\u00edram em passeata desde a Praia de Iracema. Com o avan\u00e7o das investiga\u00e7\u00f5es da CPI da Covid no Senado Federal, os protestos v\u00e3o ganhando em ades\u00e3o pelo Pa\u00eds.&hellip;<\/p>\n","protected":false},"author":1,"featured_media":21884,"comment_status":"open","ping_status":"open","sticky":false,"template":"","format":"standard","meta":{"footnotes":""},"categories":[1],"tags":[],"class_list":["post-21883","post","type-post","status-publish","format-standard","has-post-thumbnail","hentry","category-noticias"],"_links":{"self":[{"href":"https:\/\/blogdorogeriogomes.com.br\/noticias\/wp-json\/wp\/v2\/posts\/21883","targetHints":{"allow":["GET"]}}],"collection":[{"href":"https:\/\/blogdorogeriogomes.com.br\/noticias\/wp-json\/wp\/v2\/posts"}],"about":[{"href":"https:\/\/blogdorogeriogomes.com.br\/noticias\/wp-json\/wp\/v2\/types\/post"}],"author":[{"embeddable":true,"href":"https:\/\/blogdorogeriogomes.com.br\/noticias\/wp-json\/wp\/v2\/users\/1"}],"replies":[{"embeddable":true,"href":"https:\/\/blogdorogeriogomes.com.br\/noticias\/wp-json\/wp\/v2\/comments?post=21883"}],"version-history":[{"count":2,"href":"https:\/\/blogdorogeriogomes.com.br\/noticias\/wp-json\/wp\/v2\/posts\/21883\/revisions"}],"predecessor-version":[{"id":21886,"href":"https:\/\/blogdorogeriogomes.com.br\/noticias\/wp-json\/wp\/v2\/posts\/21883\/revisions\/21886"}],"wp:featuredmedia":[{"embeddable":true,"href":"https:\/\/blogdorogeriogomes.com.br\/noticias\/wp-json\/wp\/v2\/media\/21884"}],"wp:attachment":[{"href":"https:\/\/blogdorogeriogomes.com.br\/noticias\/wp-json\/wp\/v2\/media?parent=21883"}],"wp:term":[{"taxonomy":"category","embeddable":true,"href":"https:\/\/blogdorogeriogomes.com.br\/noticias\/wp-json\/wp\/v2\/categories?post=21883"},{"taxonomy":"post_tag","embeddable":true,"href":"https:\/\/blogdorogeriogomes.com.br\/noticias\/wp-json\/wp\/v2\/tags?post=21883"}],"curies":[{"name":"wp","href":"https:\/\/api.w.org\/{rel}","templated":true}]}}