{"id":21887,"date":"2021-07-05T09:38:03","date_gmt":"2021-07-05T09:38:03","guid":{"rendered":"https:\/\/blogdorogeriogomes.com.br\/?p=21887"},"modified":"2021-07-07T10:24:04","modified_gmt":"2021-07-07T10:24:04","slug":"fortaleza-inicia-vacinacao-de-pessoas-com-32-anos-nesta-terca-feira","status":"publish","type":"post","link":"https:\/\/blogdorogeriogomes.com.br\/noticias\/2021\/07\/fortaleza-inicia-vacinacao-de-pessoas-com-32-anos-nesta-terca-feira\/","title":{"rendered":"Fortaleza inicia vacina\u00e7\u00e3o de pessoas com 32 anos nesta ter\u00e7a-feira"},"content":{"rendered":"\n<p>A vacina\u00e7\u00e3o contra a Covid-19 avan\u00e7a em Fortaleza. Nesta ter\u00e7a-feira, dia 6 de julho, o p\u00fablico cadastrado a partir de 32 anos (que nasceu em 1989) come\u00e7a a ser imunizado. A Prefeitura de Fortaleza j\u00e1 divulgou a lista dos contemplados com a vacina e os locais determinados para a imuniza\u00e7\u00e3o.<\/p>\n\n\n\n<p>Fortaleza j\u00e1 aplicou mais de 1 milh\u00e3o e 500 mil doses da vacina contra a Covid-19. Desse total, 1.173.212 pessoas receberam a primeira dose do imunizante. Isso corresponde a 43,6% da popula\u00e7\u00e3o fortalezense. 367.132 j\u00e1 receberam a segunda dose.<\/p>\n\n\n\n<p>A campanha contra a Covid-19 em Fortaleza conta com 113 pontos de vacina\u00e7\u00e3o.&nbsp;O Cear\u00e1 soma hoje 892.698 casos&nbsp;confirmados de Covid-19 e 22.747 mortes&nbsp;pela doen\u00e7a.&nbsp;<\/p>\n\n\n\n<figure class=\"wp-block-image size-large\"><img loading=\"lazy\" decoding=\"async\" width=\"984\" height=\"656\" src=\"https:\/\/blogdorogeriogomes.com.br\/wp-content\/uploads\/2021\/07\/whatsapp-image-2021-06-18-at-20.24.50.jpeg\" alt=\"\" class=\"wp-image-21888\" srcset=\"https:\/\/blogdorogeriogomes.com.br\/noticias\/wp-content\/uploads\/2021\/07\/whatsapp-image-2021-06-18-at-20.24.50.jpeg 984w, https:\/\/blogdorogeriogomes.com.br\/noticias\/wp-content\/uploads\/2021\/07\/whatsapp-image-2021-06-18-at-20.24.50-300x200.jpeg 300w, https:\/\/blogdorogeriogomes.com.br\/noticias\/wp-content\/uploads\/2021\/07\/whatsapp-image-2021-06-18-at-20.24.50-768x512.jpeg 768w, https:\/\/blogdorogeriogomes.com.br\/noticias\/wp-content\/uploads\/2021\/07\/whatsapp-image-2021-06-18-at-20.24.50-800x533.jpeg 800w\" sizes=\"auto, (max-width: 984px) 100vw, 984px\" \/><\/figure>\n","protected":false},"excerpt":{"rendered":"<p>A vacina\u00e7\u00e3o contra a Covid-19 avan\u00e7a em Fortaleza. Nesta ter\u00e7a-feira, dia 6 de julho, o p\u00fablico cadastrado a partir de 32 anos (que nasceu em 1989) come\u00e7a a ser imunizado. A Prefeitura de Fortaleza j\u00e1 divulgou a lista dos contemplados com a vacina e os locais determinados para a imuniza\u00e7\u00e3o. Fortaleza j\u00e1 aplicou mais de 1 milh\u00e3o e 500 mil doses da vacina contra a Covid-19. Desse total, 1.173.212 pessoas receberam a primeira dose do imunizante. Isso corresponde a&hellip;<\/p>\n","protected":false},"author":1,"featured_media":21888,"comment_status":"open","ping_status":"open","sticky":false,"template":"","format":"standard","meta":{"footnotes":""},"categories":[1],"tags":[],"class_list":["post-21887","post","type-post","status-publish","format-standard","has-post-thumbnail","hentry","category-noticias"],"_links":{"self":[{"href":"https:\/\/blogdorogeriogomes.com.br\/noticias\/wp-json\/wp\/v2\/posts\/21887","targetHints":{"allow":["GET"]}}],"collection":[{"href":"https:\/\/blogdorogeriogomes.com.br\/noticias\/wp-json\/wp\/v2\/posts"}],"about":[{"href":"https:\/\/blogdorogeriogomes.com.br\/noticias\/wp-json\/wp\/v2\/types\/post"}],"author":[{"embeddable":true,"href":"https:\/\/blogdorogeriogomes.com.br\/noticias\/wp-json\/wp\/v2\/users\/1"}],"replies":[{"embeddable":true,"href":"https:\/\/blogdorogeriogomes.com.br\/noticias\/wp-json\/wp\/v2\/comments?post=21887"}],"version-history":[{"count":2,"href":"https:\/\/blogdorogeriogomes.com.br\/noticias\/wp-json\/wp\/v2\/posts\/21887\/revisions"}],"predecessor-version":[{"id":21926,"href":"https:\/\/blogdorogeriogomes.com.br\/noticias\/wp-json\/wp\/v2\/posts\/21887\/revisions\/21926"}],"wp:featuredmedia":[{"embeddable":true,"href":"https:\/\/blogdorogeriogomes.com.br\/noticias\/wp-json\/wp\/v2\/media\/21888"}],"wp:attachment":[{"href":"https:\/\/blogdorogeriogomes.com.br\/noticias\/wp-json\/wp\/v2\/media?parent=21887"}],"wp:term":[{"taxonomy":"category","embeddable":true,"href":"https:\/\/blogdorogeriogomes.com.br\/noticias\/wp-json\/wp\/v2\/categories?post=21887"},{"taxonomy":"post_tag","embeddable":true,"href":"https:\/\/blogdorogeriogomes.com.br\/noticias\/wp-json\/wp\/v2\/tags?post=21887"}],"curies":[{"name":"wp","href":"https:\/\/api.w.org\/{rel}","templated":true}]}}