{"id":21896,"date":"2021-07-05T20:57:41","date_gmt":"2021-07-05T20:57:41","guid":{"rendered":"https:\/\/blogdorogeriogomes.com.br\/?p=21896"},"modified":"2021-07-07T10:22:10","modified_gmt":"2021-07-07T10:22:10","slug":"pacto-pelo-saneamento-na-assembleia-legislativa-tem-seminario-sobre-estrategias-de-universalizacao-do-saneamento-basico","status":"publish","type":"post","link":"https:\/\/blogdorogeriogomes.com.br\/noticias\/2021\/07\/pacto-pelo-saneamento-na-assembleia-legislativa-tem-seminario-sobre-estrategias-de-universalizacao-do-saneamento-basico\/","title":{"rendered":"Pacto pelo Saneamento na Assembleia Legislativa tem semin\u00e1rio sobre estrat\u00e9gias de universaliza\u00e7\u00e3o do saneamento b\u00e1sico"},"content":{"rendered":"\n<p>A segunda etapa do Pacto pelo Saneamento B\u00e1sico da Assembleia Legislativa do Cear\u00e1 tem in\u00edcio com a realiza\u00e7\u00e3o de um Ciclo de Semin\u00e1rios, abordando temas estrat\u00e9gicos para superar os desafios do Saneamento B\u00e1sico. Ser\u00e3o seis semin\u00e1rios tem\u00e1ticos, que acontecem no per\u00edodo de julho a setembro, de forma virtual, pela plataforma Zoom. O primeiro, sobre \u201cFinanciamento para universalizar o Saneamento B\u00e1sico\u201d acontece em 6 e 7 de julho.<\/p>\n\n\n\n<p>A proposta \u00e9 identificar estrat\u00e9gias, programas, projetos e a\u00e7\u00f5es que possam contribuir para a supera\u00e7\u00e3o dos desafios apontados na etapa inicial do Pacto de constru\u00e7\u00e3o do \u201cCen\u00e1rio Atual do Saneamento B\u00e1sico do Cear\u00e1\u201d com vistas \u00e0 universaliza\u00e7\u00e3o do servi\u00e7o. Na elabora\u00e7\u00e3o do \u201cCen\u00e1rio\u201d, os grupos de trabalho do Pacto se debru\u00e7aram sobre os Eixos Tem\u00e1ticos: Abastecimento e Esgotamento Sanit\u00e1rio, Drenagem e Manejo das \u00c1guas Pluviais Urbanas, Limpeza Urbana e Manejo de Res\u00edduos S\u00f3lidos, Saneamento B\u00e1sico Rural e Educa\u00e7\u00e3o Ambiental para o Saneamento B\u00e1sico.<\/p>\n\n\n\n<p>O trabalho resultou na elabora\u00e7\u00e3o de um diagn\u00f3stico detalhado dos respectivos servi\u00e7os, suas abrang\u00eancias e limita\u00e7\u00f5es, para se alcan\u00e7ar o atendimento de toda popula\u00e7\u00e3o cearense. Desafios e gargalos foram identificados, alguns espec\u00edficos como a limita\u00e7\u00e3o de financiamento, comum a todos os eixos. Com base nestes desafios, os grupos de trabalho do Pacto, constitu\u00eddos por representa\u00e7\u00f5es de cerca de 60 institui\u00e7\u00f5es p\u00fablicas e organiza\u00e7\u00f5es da sociedade que atuam no setor, definiram as principais quest\u00f5es a serem tratadas nos semin\u00e1rios, assim como as institui\u00e7\u00f5es, palestrantes e temas a serem abordados.<\/p>\n\n\n\n<p>O Ciclo de Semin\u00e1rios Tem\u00e1ticos possibilitar\u00e1 o acesso a um conjunto de informa\u00e7\u00f5es de \u00f3rg\u00e3os p\u00fablicos nacionais, estaduais e de organismos internacionais; estrat\u00e9gias e experi\u00eancias exitosas de pol\u00edticas p\u00fablicas e de projetos desenvolvidos pela sociedade, al\u00e9m do conhecimento de tecnologias inovadoras e adequadas ao Saneamento B\u00e1sico, urbano e rural.<\/p>\n\n\n\n<p>O conjunto de informa\u00e7\u00f5es e o painel de experi\u00eancias a serem apresentados nos semin\u00e1rios construir\u00e3o a base para a defini\u00e7\u00e3o dos programas estrat\u00e9gicos para condu\u00e7\u00e3o da terceira etapa do Pacto, quando ser\u00e3o estabelecidos os compromissos institucionais, nos n\u00edveis municipal, estadual e federal para conduzir \u00e0 universaliza\u00e7\u00e3o do Saneamento B\u00e1sico no estado.<\/p>\n\n\n\n<figure class=\"wp-block-image size-large\"><img loading=\"lazy\" decoding=\"async\" width=\"677\" height=\"453\" src=\"https:\/\/blogdorogeriogomes.com.br\/wp-content\/uploads\/2021\/07\/images-94.jpeg\" alt=\"\" class=\"wp-image-21897\" srcset=\"https:\/\/blogdorogeriogomes.com.br\/noticias\/wp-content\/uploads\/2021\/07\/images-94.jpeg 677w, https:\/\/blogdorogeriogomes.com.br\/noticias\/wp-content\/uploads\/2021\/07\/images-94-300x201.jpeg 300w\" sizes=\"auto, (max-width: 677px) 100vw, 677px\" \/><\/figure>\n","protected":false},"excerpt":{"rendered":"<p>A segunda etapa do Pacto pelo Saneamento B\u00e1sico da Assembleia Legislativa do Cear\u00e1 tem in\u00edcio com a realiza\u00e7\u00e3o de um Ciclo de Semin\u00e1rios, abordando temas estrat\u00e9gicos para superar os desafios do Saneamento B\u00e1sico. Ser\u00e3o seis semin\u00e1rios tem\u00e1ticos, que acontecem no per\u00edodo de julho a setembro, de forma virtual, pela plataforma Zoom. O primeiro, sobre \u201cFinanciamento para universalizar o Saneamento B\u00e1sico\u201d acontece em 6 e 7 de julho. A proposta \u00e9 identificar estrat\u00e9gias, programas, projetos e a\u00e7\u00f5es que possam contribuir&hellip;<\/p>\n","protected":false},"author":1,"featured_media":21897,"comment_status":"open","ping_status":"open","sticky":false,"template":"","format":"standard","meta":{"footnotes":""},"categories":[1],"tags":[],"class_list":["post-21896","post","type-post","status-publish","format-standard","has-post-thumbnail","hentry","category-noticias"],"_links":{"self":[{"href":"https:\/\/blogdorogeriogomes.com.br\/noticias\/wp-json\/wp\/v2\/posts\/21896","targetHints":{"allow":["GET"]}}],"collection":[{"href":"https:\/\/blogdorogeriogomes.com.br\/noticias\/wp-json\/wp\/v2\/posts"}],"about":[{"href":"https:\/\/blogdorogeriogomes.com.br\/noticias\/wp-json\/wp\/v2\/types\/post"}],"author":[{"embeddable":true,"href":"https:\/\/blogdorogeriogomes.com.br\/noticias\/wp-json\/wp\/v2\/users\/1"}],"replies":[{"embeddable":true,"href":"https:\/\/blogdorogeriogomes.com.br\/noticias\/wp-json\/wp\/v2\/comments?post=21896"}],"version-history":[{"count":1,"href":"https:\/\/blogdorogeriogomes.com.br\/noticias\/wp-json\/wp\/v2\/posts\/21896\/revisions"}],"predecessor-version":[{"id":21898,"href":"https:\/\/blogdorogeriogomes.com.br\/noticias\/wp-json\/wp\/v2\/posts\/21896\/revisions\/21898"}],"wp:featuredmedia":[{"embeddable":true,"href":"https:\/\/blogdorogeriogomes.com.br\/noticias\/wp-json\/wp\/v2\/media\/21897"}],"wp:attachment":[{"href":"https:\/\/blogdorogeriogomes.com.br\/noticias\/wp-json\/wp\/v2\/media?parent=21896"}],"wp:term":[{"taxonomy":"category","embeddable":true,"href":"https:\/\/blogdorogeriogomes.com.br\/noticias\/wp-json\/wp\/v2\/categories?post=21896"},{"taxonomy":"post_tag","embeddable":true,"href":"https:\/\/blogdorogeriogomes.com.br\/noticias\/wp-json\/wp\/v2\/tags?post=21896"}],"curies":[{"name":"wp","href":"https:\/\/api.w.org\/{rel}","templated":true}]}}