{"id":21905,"date":"2021-07-06T10:30:39","date_gmt":"2021-07-06T10:30:39","guid":{"rendered":"https:\/\/blogdorogeriogomes.com.br\/?p=21905"},"modified":"2021-07-07T10:21:43","modified_gmt":"2021-07-07T10:21:43","slug":"petrobras-anuncia-novo-aumento-na-gasolina-no-diesel-e-gas-de-cozinha","status":"publish","type":"post","link":"https:\/\/blogdorogeriogomes.com.br\/noticias\/2021\/07\/petrobras-anuncia-novo-aumento-na-gasolina-no-diesel-e-gas-de-cozinha\/","title":{"rendered":"Petrobras anuncia novo aumento na gasolina, no diesel e g\u00e1s de cozinha"},"content":{"rendered":"\n<p>A Petrobras informou que vai reajustar o pre\u00e7o dos combust\u00edveis a partir desta ter\u00e7a-feira, dia 6 de julho. \u00c9 o primeiro aumento realizado na gest\u00e3o do general Joaquim Silva e Luna e os reajustes acompanham a eleva\u00e7\u00e3o nos patamares internacionais de pre\u00e7os de petr\u00f3leo e derivados. A preocupa\u00e7\u00e3o \u00e9 que o aumento dos combust\u00edveis v\u00e1 provocar um efeito cascata com o reajuste de alimentos e outros produtos, atingindo a popula\u00e7\u00e3o mais pobre.<br>A gasolina sofrer\u00e1 reajuste de 6,3%. J\u00e1 o diesel ter\u00e1 acr\u00e9scimo de 3,7%. O G\u00e1s Liquefeito de Petr\u00f3leo (GLP), sofrer\u00e1 reajuste de 5,9%. O aumento eleva o pre\u00e7o do botij\u00e3o de 13 quilos do g\u00e1s de cozinha, que deve superar os R$ 100 no pre\u00e7o final ao consumidor. <br>A estatal afirma que os valores praticados nas refinarias s\u00e3o diferentes dos expostos nas bombas de combust\u00edveis pois at\u00e9 chegar aos consumidores finais, os pre\u00e7os cobrados nas refinarias da Petrobras na venda \u00e0s distribuidoras s\u00e3o acrescidos de impostos e outros custos.<\/p>\n\n\n\n<figure class=\"wp-block-image size-large\"><img loading=\"lazy\" decoding=\"async\" width=\"600\" height=\"400\" src=\"https:\/\/blogdorogeriogomes.com.br\/wp-content\/uploads\/2021\/07\/IMG-20210705-WA0167.jpg\" alt=\"\" class=\"wp-image-21906\" srcset=\"https:\/\/blogdorogeriogomes.com.br\/noticias\/wp-content\/uploads\/2021\/07\/IMG-20210705-WA0167.jpg 600w, https:\/\/blogdorogeriogomes.com.br\/noticias\/wp-content\/uploads\/2021\/07\/IMG-20210705-WA0167-300x200.jpg 300w\" sizes=\"auto, (max-width: 600px) 100vw, 600px\" \/><\/figure>\n","protected":false},"excerpt":{"rendered":"<p>A Petrobras informou que vai reajustar o pre\u00e7o dos combust\u00edveis a partir desta ter\u00e7a-feira, dia 6 de julho. \u00c9 o primeiro aumento realizado na gest\u00e3o do general Joaquim Silva e Luna e os reajustes acompanham a eleva\u00e7\u00e3o nos patamares internacionais de pre\u00e7os de petr\u00f3leo e derivados. A preocupa\u00e7\u00e3o \u00e9 que o aumento dos combust\u00edveis v\u00e1 provocar um efeito cascata com o reajuste de alimentos e outros produtos, atingindo a popula\u00e7\u00e3o mais pobre.A gasolina sofrer\u00e1 reajuste de 6,3%. J\u00e1 o&hellip;<\/p>\n","protected":false},"author":1,"featured_media":21906,"comment_status":"open","ping_status":"open","sticky":false,"template":"","format":"standard","meta":{"footnotes":""},"categories":[1],"tags":[],"class_list":["post-21905","post","type-post","status-publish","format-standard","has-post-thumbnail","hentry","category-noticias"],"_links":{"self":[{"href":"https:\/\/blogdorogeriogomes.com.br\/noticias\/wp-json\/wp\/v2\/posts\/21905","targetHints":{"allow":["GET"]}}],"collection":[{"href":"https:\/\/blogdorogeriogomes.com.br\/noticias\/wp-json\/wp\/v2\/posts"}],"about":[{"href":"https:\/\/blogdorogeriogomes.com.br\/noticias\/wp-json\/wp\/v2\/types\/post"}],"author":[{"embeddable":true,"href":"https:\/\/blogdorogeriogomes.com.br\/noticias\/wp-json\/wp\/v2\/users\/1"}],"replies":[{"embeddable":true,"href":"https:\/\/blogdorogeriogomes.com.br\/noticias\/wp-json\/wp\/v2\/comments?post=21905"}],"version-history":[{"count":1,"href":"https:\/\/blogdorogeriogomes.com.br\/noticias\/wp-json\/wp\/v2\/posts\/21905\/revisions"}],"predecessor-version":[{"id":21907,"href":"https:\/\/blogdorogeriogomes.com.br\/noticias\/wp-json\/wp\/v2\/posts\/21905\/revisions\/21907"}],"wp:featuredmedia":[{"embeddable":true,"href":"https:\/\/blogdorogeriogomes.com.br\/noticias\/wp-json\/wp\/v2\/media\/21906"}],"wp:attachment":[{"href":"https:\/\/blogdorogeriogomes.com.br\/noticias\/wp-json\/wp\/v2\/media?parent=21905"}],"wp:term":[{"taxonomy":"category","embeddable":true,"href":"https:\/\/blogdorogeriogomes.com.br\/noticias\/wp-json\/wp\/v2\/categories?post=21905"},{"taxonomy":"post_tag","embeddable":true,"href":"https:\/\/blogdorogeriogomes.com.br\/noticias\/wp-json\/wp\/v2\/tags?post=21905"}],"curies":[{"name":"wp","href":"https:\/\/api.w.org\/{rel}","templated":true}]}}