{"id":21908,"date":"2021-07-06T18:43:01","date_gmt":"2021-07-06T18:43:01","guid":{"rendered":"https:\/\/blogdorogeriogomes.com.br\/?p=21908"},"modified":"2021-07-07T10:21:27","modified_gmt":"2021-07-07T10:21:27","slug":"bolsonaro-indicara-advogado-geral-da-uniao-andre-mendonca-para-o-stf","status":"publish","type":"post","link":"https:\/\/blogdorogeriogomes.com.br\/noticias\/2021\/07\/bolsonaro-indicara-advogado-geral-da-uniao-andre-mendonca-para-o-stf\/","title":{"rendered":"Bolsonaro indicar\u00e1 advogado-geral da Uni\u00e3o Andr\u00e9 Mendon\u00e7a para o STF"},"content":{"rendered":"\n<p>O presidente Jair Bolsonaro (sem partido) indicar\u00e1 o advogado-geral da Uni\u00e3o, Andr\u00e9 Mendon\u00e7a, para a vaga que ser\u00e1 aberta no Supremo Tribunal Federal (STF) com a aposentadoria do ministro Marco Aur\u00e9lio Mello, no pr\u00f3ximo dia 12 de julho. A informa\u00e7\u00e3o foi confirmada por Bolsonaro a aliados nesta ter\u00e7a-feira, dia 6 de julho.<\/p>\n\n\n\n<p>Com a indica\u00e7\u00e3o, o presidente n\u00e3o apenas cumpre a promessa de encaminhar um evang\u00e9lico ao STF, como tamb\u00e9m um nome ligado \u00e0 defesa da gest\u00e3o bolsonarista. Mendon\u00e7a substituiu Sergio Moro na titularidade do Minist\u00e9rio da Justi\u00e7a e Seguran\u00e7a P\u00fablica. Dentre suas a\u00e7\u00f5es, o advogado chegou a ser apontado como respons\u00e1vel por acionar a Lei de Seguran\u00e7a Nacional para investigar opositores do presidente.<\/p>\n\n\n\n<p>Andr\u00e9 Mendon\u00e7a vai ser o segundo eleg\u00edvel \u00e0 ministro do STF escolhido por Bolsonaro. Em novembro do ano passado, Nunes Marques substituiu Celso de Mello na Corte.<\/p>\n\n\n\n<p>No entanto, desta vez o cen\u00e1rio \u00e9 diferente. A indica\u00e7\u00e3o do presidente ser\u00e1 levada para discuss\u00e3o no Senado Federal, onde dever\u00e1 enfrentar forte resist\u00eancia por parte de parlamentares da oposi\u00e7\u00e3o. A sabatina deve ocorrer no m\u00eas de agosto.<\/p>\n\n\n\n<figure class=\"wp-block-image size-large\"><img loading=\"lazy\" decoding=\"async\" width=\"675\" height=\"449\" src=\"https:\/\/blogdorogeriogomes.com.br\/wp-content\/uploads\/2021\/07\/images-98.jpeg\" alt=\"\" class=\"wp-image-21909\" srcset=\"https:\/\/blogdorogeriogomes.com.br\/noticias\/wp-content\/uploads\/2021\/07\/images-98.jpeg 675w, https:\/\/blogdorogeriogomes.com.br\/noticias\/wp-content\/uploads\/2021\/07\/images-98-300x200.jpeg 300w\" sizes=\"auto, (max-width: 675px) 100vw, 675px\" \/><\/figure>\n","protected":false},"excerpt":{"rendered":"<p>O presidente Jair Bolsonaro (sem partido) indicar\u00e1 o advogado-geral da Uni\u00e3o, Andr\u00e9 Mendon\u00e7a, para a vaga que ser\u00e1 aberta no Supremo Tribunal Federal (STF) com a aposentadoria do ministro Marco Aur\u00e9lio Mello, no pr\u00f3ximo dia 12 de julho. A informa\u00e7\u00e3o foi confirmada por Bolsonaro a aliados nesta ter\u00e7a-feira, dia 6 de julho. Com a indica\u00e7\u00e3o, o presidente n\u00e3o apenas cumpre a promessa de encaminhar um evang\u00e9lico ao STF, como tamb\u00e9m um nome ligado \u00e0 defesa da gest\u00e3o bolsonarista. Mendon\u00e7a&hellip;<\/p>\n","protected":false},"author":1,"featured_media":21909,"comment_status":"open","ping_status":"open","sticky":false,"template":"","format":"standard","meta":{"footnotes":""},"categories":[1],"tags":[],"class_list":["post-21908","post","type-post","status-publish","format-standard","has-post-thumbnail","hentry","category-noticias"],"_links":{"self":[{"href":"https:\/\/blogdorogeriogomes.com.br\/noticias\/wp-json\/wp\/v2\/posts\/21908","targetHints":{"allow":["GET"]}}],"collection":[{"href":"https:\/\/blogdorogeriogomes.com.br\/noticias\/wp-json\/wp\/v2\/posts"}],"about":[{"href":"https:\/\/blogdorogeriogomes.com.br\/noticias\/wp-json\/wp\/v2\/types\/post"}],"author":[{"embeddable":true,"href":"https:\/\/blogdorogeriogomes.com.br\/noticias\/wp-json\/wp\/v2\/users\/1"}],"replies":[{"embeddable":true,"href":"https:\/\/blogdorogeriogomes.com.br\/noticias\/wp-json\/wp\/v2\/comments?post=21908"}],"version-history":[{"count":1,"href":"https:\/\/blogdorogeriogomes.com.br\/noticias\/wp-json\/wp\/v2\/posts\/21908\/revisions"}],"predecessor-version":[{"id":21910,"href":"https:\/\/blogdorogeriogomes.com.br\/noticias\/wp-json\/wp\/v2\/posts\/21908\/revisions\/21910"}],"wp:featuredmedia":[{"embeddable":true,"href":"https:\/\/blogdorogeriogomes.com.br\/noticias\/wp-json\/wp\/v2\/media\/21909"}],"wp:attachment":[{"href":"https:\/\/blogdorogeriogomes.com.br\/noticias\/wp-json\/wp\/v2\/media?parent=21908"}],"wp:term":[{"taxonomy":"category","embeddable":true,"href":"https:\/\/blogdorogeriogomes.com.br\/noticias\/wp-json\/wp\/v2\/categories?post=21908"},{"taxonomy":"post_tag","embeddable":true,"href":"https:\/\/blogdorogeriogomes.com.br\/noticias\/wp-json\/wp\/v2\/tags?post=21908"}],"curies":[{"name":"wp","href":"https:\/\/api.w.org\/{rel}","templated":true}]}}