{"id":21914,"date":"2021-07-06T22:44:59","date_gmt":"2021-07-06T22:44:59","guid":{"rendered":"https:\/\/blogdorogeriogomes.com.br\/?p=21914"},"modified":"2021-07-07T10:21:11","modified_gmt":"2021-07-07T10:21:11","slug":"reservatorios-do-ceara-fecham-primeiro-semestre-de-2021-com-29-da-capacidade-total","status":"publish","type":"post","link":"https:\/\/blogdorogeriogomes.com.br\/noticias\/2021\/07\/reservatorios-do-ceara-fecham-primeiro-semestre-de-2021-com-29-da-capacidade-total\/","title":{"rendered":"Reservat\u00f3rios do Cear\u00e1 fecham primeiro semestre de 2021 com 29% da capacidade total"},"content":{"rendered":"\n<p>Os reservat\u00f3rios do Cear\u00e1 fecharam o primeiro semestre de 2021 com 29% do seu volume total, de acordo com os dados do portal hidrol\u00f3gico, gerenciado pela Companhia de Gest\u00e3o dos Recursos H\u00eddricos (Cogerh) do Cear\u00e1. O n\u00famero \u00e9 inferior comparado ao mesmo per\u00edodo de 2020, onde o volume era de 33,5%.<br>A capacidade total dos reservat\u00f3rios cearenses \u00e9 de 18.526 hm\u00b3, segundo o portal, por\u00e9m, a soma do volume presente em todos chegou a 5.368 hm\u00b3, o equivalente a 29%. De acordo com a Cogerh, o Cear\u00e1 possui 155 reservat\u00f3rios em seu territ\u00f3rio.<br>O cen\u00e1rio \u00e9 de alerta para o presidente da Cogerh, Jo\u00e3o L\u00facio Farias, pois o estado est\u00e1 na faixa de 30%. Mas a situa\u00e7\u00e3o hidrogr\u00e1fica varia de acordo com a regi\u00e3o e a bacia, com uma situa\u00e7\u00e3o mais confort\u00e1vel nas \u00e1reas do litoral e norte, mas com dificuldade na regi\u00e3o do Jaguaribe e nos grandes reservat\u00f3rios.<br>Na vis\u00e3o da Companhia, a situa\u00e7\u00e3o mais cr\u00edtica \u00e9 a da bacia do Banabui\u00fa, cujo volume est\u00e1 abaixo de 10%.<\/p>\n\n\n\n<figure class=\"wp-block-image size-large\"><img loading=\"lazy\" decoding=\"async\" width=\"984\" height=\"554\" src=\"https:\/\/blogdorogeriogomes.com.br\/wp-content\/uploads\/2021\/07\/IMG-20210706-WA0124.jpg\" alt=\"\" class=\"wp-image-21915\" srcset=\"https:\/\/blogdorogeriogomes.com.br\/noticias\/wp-content\/uploads\/2021\/07\/IMG-20210706-WA0124.jpg 984w, https:\/\/blogdorogeriogomes.com.br\/noticias\/wp-content\/uploads\/2021\/07\/IMG-20210706-WA0124-300x169.jpg 300w, https:\/\/blogdorogeriogomes.com.br\/noticias\/wp-content\/uploads\/2021\/07\/IMG-20210706-WA0124-768x432.jpg 768w, https:\/\/blogdorogeriogomes.com.br\/noticias\/wp-content\/uploads\/2021\/07\/IMG-20210706-WA0124-800x450.jpg 800w\" sizes=\"auto, (max-width: 984px) 100vw, 984px\" \/><\/figure>\n","protected":false},"excerpt":{"rendered":"<p>Os reservat\u00f3rios do Cear\u00e1 fecharam o primeiro semestre de 2021 com 29% do seu volume total, de acordo com os dados do portal hidrol\u00f3gico, gerenciado pela Companhia de Gest\u00e3o dos Recursos H\u00eddricos (Cogerh) do Cear\u00e1. O n\u00famero \u00e9 inferior comparado ao mesmo per\u00edodo de 2020, onde o volume era de 33,5%.A capacidade total dos reservat\u00f3rios cearenses \u00e9 de 18.526 hm\u00b3, segundo o portal, por\u00e9m, a soma do volume presente em todos chegou a 5.368 hm\u00b3, o equivalente a 29%.&hellip;<\/p>\n","protected":false},"author":1,"featured_media":21915,"comment_status":"open","ping_status":"open","sticky":false,"template":"","format":"standard","meta":{"footnotes":""},"categories":[1],"tags":[],"class_list":["post-21914","post","type-post","status-publish","format-standard","has-post-thumbnail","hentry","category-noticias"],"_links":{"self":[{"href":"https:\/\/blogdorogeriogomes.com.br\/noticias\/wp-json\/wp\/v2\/posts\/21914","targetHints":{"allow":["GET"]}}],"collection":[{"href":"https:\/\/blogdorogeriogomes.com.br\/noticias\/wp-json\/wp\/v2\/posts"}],"about":[{"href":"https:\/\/blogdorogeriogomes.com.br\/noticias\/wp-json\/wp\/v2\/types\/post"}],"author":[{"embeddable":true,"href":"https:\/\/blogdorogeriogomes.com.br\/noticias\/wp-json\/wp\/v2\/users\/1"}],"replies":[{"embeddable":true,"href":"https:\/\/blogdorogeriogomes.com.br\/noticias\/wp-json\/wp\/v2\/comments?post=21914"}],"version-history":[{"count":1,"href":"https:\/\/blogdorogeriogomes.com.br\/noticias\/wp-json\/wp\/v2\/posts\/21914\/revisions"}],"predecessor-version":[{"id":21916,"href":"https:\/\/blogdorogeriogomes.com.br\/noticias\/wp-json\/wp\/v2\/posts\/21914\/revisions\/21916"}],"wp:featuredmedia":[{"embeddable":true,"href":"https:\/\/blogdorogeriogomes.com.br\/noticias\/wp-json\/wp\/v2\/media\/21915"}],"wp:attachment":[{"href":"https:\/\/blogdorogeriogomes.com.br\/noticias\/wp-json\/wp\/v2\/media?parent=21914"}],"wp:term":[{"taxonomy":"category","embeddable":true,"href":"https:\/\/blogdorogeriogomes.com.br\/noticias\/wp-json\/wp\/v2\/categories?post=21914"},{"taxonomy":"post_tag","embeddable":true,"href":"https:\/\/blogdorogeriogomes.com.br\/noticias\/wp-json\/wp\/v2\/tags?post=21914"}],"curies":[{"name":"wp","href":"https:\/\/api.w.org\/{rel}","templated":true}]}}