{"id":21917,"date":"2021-07-07T09:42:27","date_gmt":"2021-07-07T09:42:27","guid":{"rendered":"https:\/\/blogdorogeriogomes.com.br\/?p=21917"},"modified":"2021-07-07T10:21:08","modified_gmt":"2021-07-07T10:21:08","slug":"governo-do-ceara-lanca-pacote-de-recuperacao-de-estradas-nesta-quinta-feira","status":"publish","type":"post","link":"https:\/\/blogdorogeriogomes.com.br\/noticias\/2021\/07\/governo-do-ceara-lanca-pacote-de-recuperacao-de-estradas-nesta-quinta-feira\/","title":{"rendered":"Governo do Cear\u00e1 lan\u00e7a pacote de recupera\u00e7\u00e3o de estradas nesta quinta-feira"},"content":{"rendered":"\n<p>O governador Camilo Santana deve anunciar nesta quinta-feira, dia 8 de julho, um pacote de interven\u00e7\u00f5es para a recupera\u00e7\u00e3o de rodovias estaduais, prejudicadas pela chuva e tamb\u00e9m pelo desgaste natural.  Novos trechos das rodovias e estradas cearenses v\u00e3o passar por recupera\u00e7\u00e3o completa do pavimento. S\u00e3o 115 trechos que ser\u00e3o inclu\u00eddos no pacote de recupera\u00e7\u00e3o das estradas.&nbsp;<\/p>\n\n\n\n<p>O governador cearense explicou que a demora nas interven\u00e7\u00f5es se deve ao fato que o Estado aguardava passar o per\u00edodo de chuvas para dar in\u00edcio \u00e0s atividades de recupera\u00e7\u00e3o das rodovias no interior. Os meses de fevereiro a maio, per\u00edodo da quadra chuvosa, s\u00e3o de precipita\u00e7\u00f5es mais intensas e fica complicado realizar obras nas estradas.<\/p>\n\n\n\n<p>Camilo Santana ainda destacou que h\u00e1 v\u00e1rias estradas prontas para serem oficialmente inauguradas e que a pandemia da Covid-19 impossibilitou a inaugura\u00e7\u00e3o dos trechos.&nbsp;<\/p>\n\n\n\n<figure class=\"wp-block-image size-large\"><img loading=\"lazy\" decoding=\"async\" width=\"640\" height=\"480\" src=\"https:\/\/blogdorogeriogomes.com.br\/wp-content\/uploads\/2021\/07\/images-99.jpeg\" alt=\"\" class=\"wp-image-21918\" srcset=\"https:\/\/blogdorogeriogomes.com.br\/noticias\/wp-content\/uploads\/2021\/07\/images-99.jpeg 640w, https:\/\/blogdorogeriogomes.com.br\/noticias\/wp-content\/uploads\/2021\/07\/images-99-300x225.jpeg 300w, https:\/\/blogdorogeriogomes.com.br\/noticias\/wp-content\/uploads\/2021\/07\/images-99-400x300.jpeg 400w\" sizes=\"auto, (max-width: 640px) 100vw, 640px\" \/><\/figure>\n","protected":false},"excerpt":{"rendered":"<p>O governador Camilo Santana deve anunciar nesta quinta-feira, dia 8 de julho, um pacote de interven\u00e7\u00f5es para a recupera\u00e7\u00e3o de rodovias estaduais, prejudicadas pela chuva e tamb\u00e9m pelo desgaste natural. Novos trechos das rodovias e estradas cearenses v\u00e3o passar por recupera\u00e7\u00e3o completa do pavimento. S\u00e3o 115 trechos que ser\u00e3o inclu\u00eddos no pacote de recupera\u00e7\u00e3o das estradas.&nbsp; O governador cearense explicou que a demora nas interven\u00e7\u00f5es se deve ao fato que o Estado aguardava passar o per\u00edodo de chuvas para&hellip;<\/p>\n","protected":false},"author":1,"featured_media":21918,"comment_status":"open","ping_status":"open","sticky":false,"template":"","format":"standard","meta":{"footnotes":""},"categories":[1],"tags":[],"class_list":["post-21917","post","type-post","status-publish","format-standard","has-post-thumbnail","hentry","category-noticias"],"_links":{"self":[{"href":"https:\/\/blogdorogeriogomes.com.br\/noticias\/wp-json\/wp\/v2\/posts\/21917","targetHints":{"allow":["GET"]}}],"collection":[{"href":"https:\/\/blogdorogeriogomes.com.br\/noticias\/wp-json\/wp\/v2\/posts"}],"about":[{"href":"https:\/\/blogdorogeriogomes.com.br\/noticias\/wp-json\/wp\/v2\/types\/post"}],"author":[{"embeddable":true,"href":"https:\/\/blogdorogeriogomes.com.br\/noticias\/wp-json\/wp\/v2\/users\/1"}],"replies":[{"embeddable":true,"href":"https:\/\/blogdorogeriogomes.com.br\/noticias\/wp-json\/wp\/v2\/comments?post=21917"}],"version-history":[{"count":2,"href":"https:\/\/blogdorogeriogomes.com.br\/noticias\/wp-json\/wp\/v2\/posts\/21917\/revisions"}],"predecessor-version":[{"id":21923,"href":"https:\/\/blogdorogeriogomes.com.br\/noticias\/wp-json\/wp\/v2\/posts\/21917\/revisions\/21923"}],"wp:featuredmedia":[{"embeddable":true,"href":"https:\/\/blogdorogeriogomes.com.br\/noticias\/wp-json\/wp\/v2\/media\/21918"}],"wp:attachment":[{"href":"https:\/\/blogdorogeriogomes.com.br\/noticias\/wp-json\/wp\/v2\/media?parent=21917"}],"wp:term":[{"taxonomy":"category","embeddable":true,"href":"https:\/\/blogdorogeriogomes.com.br\/noticias\/wp-json\/wp\/v2\/categories?post=21917"},{"taxonomy":"post_tag","embeddable":true,"href":"https:\/\/blogdorogeriogomes.com.br\/noticias\/wp-json\/wp\/v2\/tags?post=21917"}],"curies":[{"name":"wp","href":"https:\/\/api.w.org\/{rel}","templated":true}]}}