{"id":21920,"date":"2021-07-07T10:11:14","date_gmt":"2021-07-07T10:11:14","guid":{"rendered":"https:\/\/blogdorogeriogomes.com.br\/?p=21920"},"modified":"2021-07-07T10:17:54","modified_gmt":"2021-07-07T10:17:54","slug":"brasil-tem-pouco-mais-de-13-da-populacao-imunizada-contra-a-covid-19-mas-casos-e-mortes-ja-diminuiram","status":"publish","type":"post","link":"https:\/\/blogdorogeriogomes.com.br\/noticias\/2021\/07\/brasil-tem-pouco-mais-de-13-da-populacao-imunizada-contra-a-covid-19-mas-casos-e-mortes-ja-diminuiram\/","title":{"rendered":"Brasil tem pouco mais de 13% da popula\u00e7\u00e3o imunizada contra a Covid-19. Mas casos e mortes j\u00e1 diminuiram"},"content":{"rendered":"\n<p>Os n\u00fameros de casos e mortes por Covid-19 no Brasil sofreram um recuo. E um dos principais motivos \u00e9 o avan\u00e7o da vacina\u00e7\u00e3o. Mais de 13% dos brasileiros tomaram a segunda dose ou a dose \u00fanica de vacinas contra a Covid e est\u00e3o imunizados. S\u00e3o 27.795.289 de pessoas vacinadas, seja com duas doses ou com a dose \u00fanica da Janssen, o que corresponde a 13,13% da popula\u00e7\u00e3o. Os dados s\u00e3o do cons\u00f3rcio de ve\u00edculos de imprensa, colhidos junto \u00e0s secretarias de Sa\u00fade dos estados. No Cear\u00e1, 36,72% das pessoas tomaram a primeira dose. Mas imunizadas totalmente s\u00e3o 13,13%. <\/p>\n\n\n\n<p>O Brasil registrou 1.787 mortes por Covid-19 nas \u00faltimas 24 horas, totalizando 527.016 \u00f3bitos desde o in\u00edcio da pandemia. Com isso, a m\u00e9dia m\u00f3vel de mortes nos \u00faltimos 7 dias chegou a 1.557. A queda \u00e9 importante, mas o patamar de mortes no Pa\u00eds ainda \u00e9 considerada muito alta pelos especialistas.<br><\/p>\n\n\n\n<figure class=\"wp-block-image size-large\"><img loading=\"lazy\" decoding=\"async\" width=\"643\" height=\"477\" src=\"https:\/\/blogdorogeriogomes.com.br\/wp-content\/uploads\/2021\/07\/images-100.jpeg\" alt=\"\" class=\"wp-image-21921\" srcset=\"https:\/\/blogdorogeriogomes.com.br\/noticias\/wp-content\/uploads\/2021\/07\/images-100.jpeg 643w, https:\/\/blogdorogeriogomes.com.br\/noticias\/wp-content\/uploads\/2021\/07\/images-100-300x223.jpeg 300w\" sizes=\"auto, (max-width: 643px) 100vw, 643px\" \/><\/figure>\n\n\n\n<p> <\/p>\n","protected":false},"excerpt":{"rendered":"<p>Os n\u00fameros de casos e mortes por Covid-19 no Brasil sofreram um recuo. E um dos principais motivos \u00e9 o avan\u00e7o da vacina\u00e7\u00e3o. Mais de 13% dos brasileiros tomaram a segunda dose ou a dose \u00fanica de vacinas contra a Covid e est\u00e3o imunizados. S\u00e3o 27.795.289 de pessoas vacinadas, seja com duas doses ou com a dose \u00fanica da Janssen, o que corresponde a 13,13% da popula\u00e7\u00e3o. Os dados s\u00e3o do cons\u00f3rcio de ve\u00edculos de imprensa, colhidos junto \u00e0s&hellip;<\/p>\n","protected":false},"author":1,"featured_media":21921,"comment_status":"open","ping_status":"open","sticky":false,"template":"","format":"standard","meta":{"footnotes":""},"categories":[1],"tags":[],"class_list":["post-21920","post","type-post","status-publish","format-standard","has-post-thumbnail","hentry","category-noticias"],"_links":{"self":[{"href":"https:\/\/blogdorogeriogomes.com.br\/noticias\/wp-json\/wp\/v2\/posts\/21920","targetHints":{"allow":["GET"]}}],"collection":[{"href":"https:\/\/blogdorogeriogomes.com.br\/noticias\/wp-json\/wp\/v2\/posts"}],"about":[{"href":"https:\/\/blogdorogeriogomes.com.br\/noticias\/wp-json\/wp\/v2\/types\/post"}],"author":[{"embeddable":true,"href":"https:\/\/blogdorogeriogomes.com.br\/noticias\/wp-json\/wp\/v2\/users\/1"}],"replies":[{"embeddable":true,"href":"https:\/\/blogdorogeriogomes.com.br\/noticias\/wp-json\/wp\/v2\/comments?post=21920"}],"version-history":[{"count":1,"href":"https:\/\/blogdorogeriogomes.com.br\/noticias\/wp-json\/wp\/v2\/posts\/21920\/revisions"}],"predecessor-version":[{"id":21922,"href":"https:\/\/blogdorogeriogomes.com.br\/noticias\/wp-json\/wp\/v2\/posts\/21920\/revisions\/21922"}],"wp:featuredmedia":[{"embeddable":true,"href":"https:\/\/blogdorogeriogomes.com.br\/noticias\/wp-json\/wp\/v2\/media\/21921"}],"wp:attachment":[{"href":"https:\/\/blogdorogeriogomes.com.br\/noticias\/wp-json\/wp\/v2\/media?parent=21920"}],"wp:term":[{"taxonomy":"category","embeddable":true,"href":"https:\/\/blogdorogeriogomes.com.br\/noticias\/wp-json\/wp\/v2\/categories?post=21920"},{"taxonomy":"post_tag","embeddable":true,"href":"https:\/\/blogdorogeriogomes.com.br\/noticias\/wp-json\/wp\/v2\/tags?post=21920"}],"curies":[{"name":"wp","href":"https:\/\/api.w.org\/{rel}","templated":true}]}}